{"id":1016,"date":"2019-07-18T19:44:44","date_gmt":"2019-07-18T18:44:44","guid":{"rendered":"http:\/\/perluette.xyz\/?p=1016"},"modified":"2019-07-18T19:45:36","modified_gmt":"2019-07-18T18:45:36","slug":"dernier-jour","status":"publish","type":"post","link":"https:\/\/perluette.xyz\/index.php\/2019\/07\/18\/dernier-jour\/","title":{"rendered":"Dernier jour !"},"content":{"rendered":"<p><img loading=\"lazy\" decoding=\"async\" class=\"alignleft size-medium wp-image-1017\" src=\"https:\/\/perluette.xyz\/wp-content\/uploads\/2019\/07\/P121074917juillet19expo\u00a9Perluette-e1563475327549-169x300.jpg\" alt=\"\" width=\"169\" height=\"300\" srcset=\"https:\/\/perluette.xyz\/wp-content\/uploads\/2019\/07\/P121074917juillet19expo\u00a9Perluette-e1563475327549-169x300.jpg 169w, https:\/\/perluette.xyz\/wp-content\/uploads\/2019\/07\/P121074917juillet19expo\u00a9Perluette-e1563475327549-768x1365.jpg 768w, https:\/\/perluette.xyz\/wp-content\/uploads\/2019\/07\/P121074917juillet19expo\u00a9Perluette-e1563475327549-576x1024.jpg 576w, https:\/\/perluette.xyz\/wp-content\/uploads\/2019\/07\/P121074917juillet19expo\u00a9Perluette-e1563475327549-863x1534.jpg 863w, https:\/\/perluette.xyz\/wp-content\/uploads\/2019\/07\/P121074917juillet19expo\u00a9Perluette-e1563475327549-61x108.jpg 61w, https:\/\/perluette.xyz\/wp-content\/uploads\/2019\/07\/P121074917juillet19expo\u00a9Perluette-e1563475327549.jpg 1440w\" sizes=\"auto, (max-width: 169px) 100vw, 169px\" \/><img loading=\"lazy\" decoding=\"async\" class=\"alignleft size-medium wp-image-1005\" src=\"https:\/\/perluette.xyz\/wp-content\/uploads\/2019\/07\/17juillet19peche\u00a9Perluette-e1563474496540-169x300.jpg\" alt=\"\" width=\"169\" height=\"300\" srcset=\"https:\/\/perluette.xyz\/wp-content\/uploads\/2019\/07\/17juillet19peche\u00a9Perluette-e1563474496540-169x300.jpg 169w, https:\/\/perluette.xyz\/wp-content\/uploads\/2019\/07\/17juillet19peche\u00a9Perluette-e1563474496540-768x1365.jpg 768w, https:\/\/perluette.xyz\/wp-content\/uploads\/2019\/07\/17juillet19peche\u00a9Perluette-e1563474496540-576x1024.jpg 576w, https:\/\/perluette.xyz\/wp-content\/uploads\/2019\/07\/17juillet19peche\u00a9Perluette-e1563474496540-863x1534.jpg 863w, https:\/\/perluette.xyz\/wp-content\/uploads\/2019\/07\/17juillet19peche\u00a9Perluette-e1563474496540-61x108.jpg 61w, https:\/\/perluette.xyz\/wp-content\/uploads\/2019\/07\/17juillet19peche\u00a9Perluette-e1563474496540.jpg 1440w\" sizes=\"auto, (max-width: 169px) 100vw, 169px\" \/>Ce vendredi 19 juillet 2019, dernier jour pour d\u00e9couvrir \u00e0 la M\u00e9diath\u00e8que de Lecelles entre 16h &amp; 18h30 l&rsquo;exposition ludique &amp; interactive du t\u00e9\u00e8tras magic <em>La minable caravane fait son show !<\/em><\/p>\n<p>C&rsquo;est aussi le dernier jour pour Partir en voyage avec Perluette dans la Vall\u00e9e de la Scarpe, avec les conteuses de Dire Lire \u00e0 20h \u00e0 la M\u00e9diath\u00e8que de Sars-et-Rosi\u00e8res.<\/p>\n<p style=\"text-align: right;\"><a href=\"https:\/\/perluette.xyz\/wp-content\/uploads\/2019\/07\/prog_Perluette-part-en-voyage.pdf\">Programme complet de Perluette part en voyage&#8230;<\/a><\/p>\n<p style=\"text-align: right;\">\n","protected":false},"excerpt":{"rendered":"<p>Ce vendredi 19 juillet 2019, dernier jour pour d\u00e9couvrir \u00e0 la M\u00e9diath\u00e8que de Lecelles entre 16h &amp; 18h30 l&rsquo;exposition ludique &amp; interactive du t\u00e9\u00e8tras magic La minable caravane fait son show ! C&rsquo;est aussi le dernier jour pour Partir en voyage avec Perluette dans la Vall\u00e9e de la Scarpe, avec les conteuses de Dire Lire &hellip; <a href=\"https:\/\/perluette.xyz\/index.php\/2019\/07\/18\/dernier-jour\/\" class=\"more-link\">Continue reading <span class=\"screen-reader-text\">Dernier jour !<\/span><\/a><\/p>\n","protected":false},"author":1,"featured_media":0,"comment_status":"open","ping_status":"open","sticky":false,"template":"","format":"standard","meta":{"footnotes":""},"categories":[3],"tags":[],"class_list":["post-1016","post","type-post","status-publish","format-standard","hentry","category-projets-perluette"],"_links":{"self":[{"href":"https:\/\/perluette.xyz\/index.php\/wp-json\/wp\/v2\/posts\/1016","targetHints":{"allow":["GET"]}}],"collection":[{"href":"https:\/\/perluette.xyz\/index.php\/wp-json\/wp\/v2\/posts"}],"about":[{"href":"https:\/\/perluette.xyz\/index.php\/wp-json\/wp\/v2\/types\/post"}],"author":[{"embeddable":true,"href":"https:\/\/perluette.xyz\/index.php\/wp-json\/wp\/v2\/users\/1"}],"replies":[{"embeddable":true,"href":"https:\/\/perluette.xyz\/index.php\/wp-json\/wp\/v2\/comments?post=1016"}],"version-history":[{"count":2,"href":"https:\/\/perluette.xyz\/index.php\/wp-json\/wp\/v2\/posts\/1016\/revisions"}],"predecessor-version":[{"id":1019,"href":"https:\/\/perluette.xyz\/index.php\/wp-json\/wp\/v2\/posts\/1016\/revisions\/1019"}],"wp:attachment":[{"href":"https:\/\/perluette.xyz\/index.php\/wp-json\/wp\/v2\/media?parent=1016"}],"wp:term":[{"taxonomy":"category","embeddable":true,"href":"https:\/\/perluette.xyz\/index.php\/wp-json\/wp\/v2\/categories?post=1016"},{"taxonomy":"post_tag","embeddable":true,"href":"https:\/\/perluette.xyz\/index.php\/wp-json\/wp\/v2\/tags?post=1016"}],"curies":[{"name":"wp","href":"https:\/\/api.w.org\/{rel}","templated":true}]}}