{"id":1041,"date":"2019-07-23T10:45:07","date_gmt":"2019-07-23T09:45:07","guid":{"rendered":"http:\/\/perluette.xyz\/?p=1041"},"modified":"2019-07-23T10:47:51","modified_gmt":"2019-07-23T09:47:51","slug":"fin-du-voyage-en-contes-avec-dire-lire","status":"publish","type":"post","link":"https:\/\/perluette.xyz\/index.php\/2019\/07\/23\/fin-du-voyage-en-contes-avec-dire-lire\/","title":{"rendered":"Fin du voyage en contes avec Dire Lire"},"content":{"rendered":"<p><img loading=\"lazy\" decoding=\"async\" class=\"size-medium wp-image-1042 alignright\" src=\"https:\/\/perluette.xyz\/wp-content\/uploads\/2019\/07\/19juillet19dire-lire\u00a9Perluette-300x169.jpg\" alt=\"\" width=\"300\" height=\"169\" srcset=\"https:\/\/perluette.xyz\/wp-content\/uploads\/2019\/07\/19juillet19dire-lire\u00a9Perluette-300x169.jpg 300w, https:\/\/perluette.xyz\/wp-content\/uploads\/2019\/07\/19juillet19dire-lire\u00a9Perluette-768x432.jpg 768w, https:\/\/perluette.xyz\/wp-content\/uploads\/2019\/07\/19juillet19dire-lire\u00a9Perluette-1024x576.jpg 1024w, https:\/\/perluette.xyz\/wp-content\/uploads\/2019\/07\/19juillet19dire-lire\u00a9Perluette-863x485.jpg 863w, https:\/\/perluette.xyz\/wp-content\/uploads\/2019\/07\/19juillet19dire-lire\u00a9Perluette-192x108.jpg 192w\" sizes=\"auto, (max-width: 300px) 100vw, 300px\" \/>Ce vendredi 19 juillet 2019, ce sont les conteuses de l&rsquo;association Dire Lire, Claudie Demeure &amp; Laure Montaigne, qui ont cl\u00f4tur\u00e9 l&rsquo;\u00e9v\u00e9nement Perluette part en voyage&#8230; \u00e0 la M\u00e9diath\u00e8que de Sars-et-Rosi\u00e8res.<\/p>\n<p>Les publics ont voyag\u00e9 de la Russie \u00e0 la Tunisie en passant par la Sardaigne. Les enfants ont pu d\u00e9couvrir en\u00a0fin de s\u00e9ance des contes de nombreux livres de contes du monde entier.<\/p>\n<p><img loading=\"lazy\" decoding=\"async\" class=\"alignleft wp-image-1043 size-medium\" src=\"https:\/\/perluette.xyz\/wp-content\/uploads\/2019\/07\/19juillet19livre-conte\u00a9Perluette-e1563875080826-169x300.jpg\" alt=\"\" width=\"169\" height=\"300\" srcset=\"https:\/\/perluette.xyz\/wp-content\/uploads\/2019\/07\/19juillet19livre-conte\u00a9Perluette-e1563875080826-169x300.jpg 169w, https:\/\/perluette.xyz\/wp-content\/uploads\/2019\/07\/19juillet19livre-conte\u00a9Perluette-e1563875080826-768x1365.jpg 768w, https:\/\/perluette.xyz\/wp-content\/uploads\/2019\/07\/19juillet19livre-conte\u00a9Perluette-e1563875080826-576x1024.jpg 576w, https:\/\/perluette.xyz\/wp-content\/uploads\/2019\/07\/19juillet19livre-conte\u00a9Perluette-e1563875080826-863x1534.jpg 863w, https:\/\/perluette.xyz\/wp-content\/uploads\/2019\/07\/19juillet19livre-conte\u00a9Perluette-e1563875080826-61x108.jpg 61w, https:\/\/perluette.xyz\/wp-content\/uploads\/2019\/07\/19juillet19livre-conte\u00a9Perluette-e1563875080826.jpg 1440w\" sizes=\"auto, (max-width: 169px) 100vw, 169px\" \/>Partir en livre se termine pour cette ann\u00e9e &#8211; retrouvez tous les projets en France sur le site\u00a0<a href=\"https:\/\/www.partir-en-livre.fr\/actualites\/\" target=\"_blank\" rel=\"noopener noreferrer\">partir-en-livre.fr<\/a><\/p>\n<p>Encore merci \u00e0 tous les partenaires sans lesquels ce projet Partir en livre 2019 n&rsquo;aurait pu exister :<\/p>\n<p><img loading=\"lazy\" decoding=\"async\" class=\"size-medium wp-image-945 alignright\" src=\"https:\/\/perluette.xyz\/wp-content\/uploads\/2019\/07\/bandeau-logosPEL19-300x40.jpg\" alt=\"\" width=\"300\" height=\"40\" srcset=\"https:\/\/perluette.xyz\/wp-content\/uploads\/2019\/07\/bandeau-logosPEL19-300x40.jpg 300w, https:\/\/perluette.xyz\/wp-content\/uploads\/2019\/07\/bandeau-logosPEL19-768x103.jpg 768w, https:\/\/perluette.xyz\/wp-content\/uploads\/2019\/07\/bandeau-logosPEL19-1024x138.jpg 1024w, https:\/\/perluette.xyz\/wp-content\/uploads\/2019\/07\/bandeau-logosPEL19-863x116.jpg 863w, https:\/\/perluette.xyz\/wp-content\/uploads\/2019\/07\/bandeau-logosPEL19-480x65.jpg 480w\" sizes=\"auto, (max-width: 300px) 100vw, 300px\" \/><\/p>\n","protected":false},"excerpt":{"rendered":"<p>Ce vendredi 19 juillet 2019, ce sont les conteuses de l&rsquo;association Dire Lire, Claudie Demeure &amp; Laure Montaigne, qui ont cl\u00f4tur\u00e9 l&rsquo;\u00e9v\u00e9nement Perluette part en voyage&#8230; \u00e0 la M\u00e9diath\u00e8que de Sars-et-Rosi\u00e8res. Les publics ont voyag\u00e9 de la Russie \u00e0 la Tunisie en passant par la Sardaigne. Les enfants ont pu d\u00e9couvrir en\u00a0fin de s\u00e9ance des &hellip; <a href=\"https:\/\/perluette.xyz\/index.php\/2019\/07\/23\/fin-du-voyage-en-contes-avec-dire-lire\/\" class=\"more-link\">Continue reading <span class=\"screen-reader-text\">Fin du voyage en contes avec Dire Lire<\/span><\/a><\/p>\n","protected":false},"author":1,"featured_media":0,"comment_status":"open","ping_status":"open","sticky":false,"template":"","format":"standard","meta":{"footnotes":""},"categories":[3],"tags":[69,18,263],"class_list":["post-1041","post","type-post","status-publish","format-standard","hentry","category-projets-perluette","tag-contes","tag-dire-lire","tag-pel"],"_links":{"self":[{"href":"https:\/\/perluette.xyz\/index.php\/wp-json\/wp\/v2\/posts\/1041","targetHints":{"allow":["GET"]}}],"collection":[{"href":"https:\/\/perluette.xyz\/index.php\/wp-json\/wp\/v2\/posts"}],"about":[{"href":"https:\/\/perluette.xyz\/index.php\/wp-json\/wp\/v2\/types\/post"}],"author":[{"embeddable":true,"href":"https:\/\/perluette.xyz\/index.php\/wp-json\/wp\/v2\/users\/1"}],"replies":[{"embeddable":true,"href":"https:\/\/perluette.xyz\/index.php\/wp-json\/wp\/v2\/comments?post=1041"}],"version-history":[{"count":4,"href":"https:\/\/perluette.xyz\/index.php\/wp-json\/wp\/v2\/posts\/1041\/revisions"}],"predecessor-version":[{"id":1047,"href":"https:\/\/perluette.xyz\/index.php\/wp-json\/wp\/v2\/posts\/1041\/revisions\/1047"}],"wp:attachment":[{"href":"https:\/\/perluette.xyz\/index.php\/wp-json\/wp\/v2\/media?parent=1041"}],"wp:term":[{"taxonomy":"category","embeddable":true,"href":"https:\/\/perluette.xyz\/index.php\/wp-json\/wp\/v2\/categories?post=1041"},{"taxonomy":"post_tag","embeddable":true,"href":"https:\/\/perluette.xyz\/index.php\/wp-json\/wp\/v2\/tags?post=1041"}],"curies":[{"name":"wp","href":"https:\/\/api.w.org\/{rel}","templated":true}]}}