{"id":1153,"date":"2019-10-01T16:48:45","date_gmt":"2019-10-01T15:48:45","guid":{"rendered":"http:\/\/perluette.xyz\/?p=1153"},"modified":"2019-10-01T16:49:15","modified_gmt":"2019-10-01T15:49:15","slug":"ateliers-autour-du-travail-dana-palmero-caceres","status":"publish","type":"post","link":"https:\/\/perluette.xyz\/index.php\/2019\/10\/01\/ateliers-autour-du-travail-dana-palmero-caceres\/","title":{"rendered":"Ateliers autour du travail de l&rsquo;illustratrice Ana Palmero Caceres"},"content":{"rendered":"<p><img loading=\"lazy\" decoding=\"async\" class=\"alignleft size-medium wp-image-1155\" src=\"https:\/\/perluette.xyz\/wp-content\/uploads\/2019\/10\/P1220611\u00a9Perluette-300x225.jpg\" alt=\"\" width=\"300\" height=\"225\" srcset=\"https:\/\/perluette.xyz\/wp-content\/uploads\/2019\/10\/P1220611\u00a9Perluette-300x225.jpg 300w, https:\/\/perluette.xyz\/wp-content\/uploads\/2019\/10\/P1220611\u00a9Perluette-768x576.jpg 768w, https:\/\/perluette.xyz\/wp-content\/uploads\/2019\/10\/P1220611\u00a9Perluette-1024x768.jpg 1024w, https:\/\/perluette.xyz\/wp-content\/uploads\/2019\/10\/P1220611\u00a9Perluette-863x647.jpg 863w, https:\/\/perluette.xyz\/wp-content\/uploads\/2019\/10\/P1220611\u00a9Perluette-144x108.jpg 144w\" sizes=\"auto, (max-width: 300px) 100vw, 300px\" \/>Dans le cadre de la programmation culturelle du <a href=\"https:\/\/sivs.bibli.fr\/mediatheque-de-rosult\/article\/ana-palmero-caceres\" target=\"_blank\" rel=\"noopener noreferrer\">r\u00e9seau de m\u00e9diath\u00e8ques du Syndicat Intercommunal de la Vall\u00e9e de la Scarpe<\/a>, Perluette a propos\u00e9 le 21 septembre 2019 en complicit\u00e9 avec Marie Moskwa de l&rsquo;association Petit Avec De Grandes Oreilles deux ateliers autour de trois albums de l&rsquo;illustratrice v\u00e9n\u00e9zu\u00e9lienne <a href=\"http:\/\/anacarolinapalmero.blogspot.com\" target=\"_blank\" rel=\"noopener noreferrer\">Ana Palmero Caceres<\/a> : <em>Cu\u00e9ntame del 1 al 10<\/em> \/ <em>B\u00f9scame<\/em> \/ <em>Opuestos<\/em> (Ed. Ekar\u00e9).<\/p>\n<p><img loading=\"lazy\" decoding=\"async\" class=\"size-medium wp-image-1154 alignright\" src=\"https:\/\/perluette.xyz\/wp-content\/uploads\/2019\/10\/P1220625\u00a9Perluette-300x225.jpg\" alt=\"\" width=\"300\" height=\"225\" srcset=\"https:\/\/perluette.xyz\/wp-content\/uploads\/2019\/10\/P1220625\u00a9Perluette-300x225.jpg 300w, https:\/\/perluette.xyz\/wp-content\/uploads\/2019\/10\/P1220625\u00a9Perluette-768x576.jpg 768w, https:\/\/perluette.xyz\/wp-content\/uploads\/2019\/10\/P1220625\u00a9Perluette-1024x768.jpg 1024w, https:\/\/perluette.xyz\/wp-content\/uploads\/2019\/10\/P1220625\u00a9Perluette-863x647.jpg 863w, https:\/\/perluette.xyz\/wp-content\/uploads\/2019\/10\/P1220625\u00a9Perluette-144x108.jpg 144w\" sizes=\"auto, (max-width: 300px) 100vw, 300px\" \/><\/p>\n<p>&nbsp;<\/p>\n<p>&nbsp;<\/p>\n<p>Les oeuvres ludiques r\u00e9alis\u00e9es collectivement sont expos\u00e9es tout l&rsquo;automne 2019 \u00e0 la M\u00e9diath\u00e8que de Rosult.<\/p>\n","protected":false},"excerpt":{"rendered":"<p>Dans le cadre de la programmation culturelle du r\u00e9seau de m\u00e9diath\u00e8ques du Syndicat Intercommunal de la Vall\u00e9e de la Scarpe, Perluette a propos\u00e9 le 21 septembre 2019 en complicit\u00e9 avec Marie Moskwa de l&rsquo;association Petit Avec De Grandes Oreilles deux ateliers autour de trois albums de l&rsquo;illustratrice v\u00e9n\u00e9zu\u00e9lienne Ana Palmero Caceres : Cu\u00e9ntame del 1 &hellip; <a href=\"https:\/\/perluette.xyz\/index.php\/2019\/10\/01\/ateliers-autour-du-travail-dana-palmero-caceres\/\" class=\"more-link\">Continue reading <span class=\"screen-reader-text\">Ateliers autour du travail de l&rsquo;illustratrice Ana Palmero Caceres<\/span><\/a><\/p>\n","protected":false},"author":1,"featured_media":0,"comment_status":"open","ping_status":"open","sticky":false,"template":"","format":"standard","meta":{"footnotes":""},"categories":[3],"tags":[281,21,282],"class_list":["post-1153","post","type-post","status-publish","format-standard","hentry","category-projets-perluette","tag-ana-palmero-caceres","tag-ateliers","tag-mediatheques-sivs"],"_links":{"self":[{"href":"https:\/\/perluette.xyz\/index.php\/wp-json\/wp\/v2\/posts\/1153","targetHints":{"allow":["GET"]}}],"collection":[{"href":"https:\/\/perluette.xyz\/index.php\/wp-json\/wp\/v2\/posts"}],"about":[{"href":"https:\/\/perluette.xyz\/index.php\/wp-json\/wp\/v2\/types\/post"}],"author":[{"embeddable":true,"href":"https:\/\/perluette.xyz\/index.php\/wp-json\/wp\/v2\/users\/1"}],"replies":[{"embeddable":true,"href":"https:\/\/perluette.xyz\/index.php\/wp-json\/wp\/v2\/comments?post=1153"}],"version-history":[{"count":2,"href":"https:\/\/perluette.xyz\/index.php\/wp-json\/wp\/v2\/posts\/1153\/revisions"}],"predecessor-version":[{"id":1157,"href":"https:\/\/perluette.xyz\/index.php\/wp-json\/wp\/v2\/posts\/1153\/revisions\/1157"}],"wp:attachment":[{"href":"https:\/\/perluette.xyz\/index.php\/wp-json\/wp\/v2\/media?parent=1153"}],"wp:term":[{"taxonomy":"category","embeddable":true,"href":"https:\/\/perluette.xyz\/index.php\/wp-json\/wp\/v2\/categories?post=1153"},{"taxonomy":"post_tag","embeddable":true,"href":"https:\/\/perluette.xyz\/index.php\/wp-json\/wp\/v2\/tags?post=1153"}],"curies":[{"name":"wp","href":"https:\/\/api.w.org\/{rel}","templated":true}]}}