{"id":1180,"date":"2019-11-20T07:53:50","date_gmt":"2019-11-20T06:53:50","guid":{"rendered":"http:\/\/perluette.xyz\/?p=1180"},"modified":"2019-11-20T07:53:50","modified_gmt":"2019-11-20T06:53:50","slug":"imagine-la-ville-de-demain-a-roubaix","status":"publish","type":"post","link":"https:\/\/perluette.xyz\/index.php\/2019\/11\/20\/imagine-la-ville-de-demain-a-roubaix\/","title":{"rendered":"Imagine la ville de demain \u00e0 Roubaix"},"content":{"rendered":"<figure id=\"attachment_1181\" aria-describedby=\"caption-attachment-1181\" style=\"width: 300px\" class=\"wp-caption alignleft\"><img loading=\"lazy\" decoding=\"async\" class=\"wp-image-1181 size-medium\" src=\"https:\/\/perluette.xyz\/wp-content\/uploads\/2019\/11\/Ville\u00a9AminTOULORSPerluette-300x200.jpg\" alt=\"\u00a9 Amin Toulors &amp; Perluette\" width=\"300\" height=\"200\" \/><figcaption id=\"caption-attachment-1181\" class=\"wp-caption-text\">\u00a9 Amin Toulors &amp; Perluette<\/figcaption><\/figure>\n<p>Atelier enfant-parent (\u00e0 partir de 6 ans),\u00a0dans le cadre de l\u2019exposition\u00a0<a href=\"https:\/\/xyz.us18.list-manage.com\/track\/click?u=a9b87f8487042014cfdf00609&amp;id=1d64ab6ad2&amp;e=cb8a787511\" target=\"_blank\" rel=\"noopener noreferrer\" data-saferedirecturl=\"https:\/\/www.google.com\/url?q=https:\/\/xyz.us18.list-manage.com\/track\/click?u%3Da9b87f8487042014cfdf00609%26id%3D1d64ab6ad2%26e%3Dcb8a787511&amp;source=gmail&amp;ust=1574316022059000&amp;usg=AFQjCNE0eE7hiCTpns7YfUTO9nar2cjlnQ\">Roubaix : M\u00e9tamorphoses d\u2019une ville textile<\/a>\u00a0&amp;\u00a0librement inspir\u00e9 de livres de Didier Cornille, l\u2019auteur illustrateur entre autres de <em>La ville, quoi de neuf ?<\/em> (Ed. h\u00e9lium).<br \/>\nCr\u00e9ation d\u2019une maquette collective autour d\u2019une ville plus \u00e9cologique, plus innovante, plus citoyenne, plus mobile, qui continue cependant \u00e0 se d\u00e9velopper, parfois comme une ville-champignon.<\/p>\n<p style=\"text-align: right;\"><strong>Samedi 23 novembre 2019 de 15h \u00e0 17h \u00e0 La Manufacture<\/strong><\/p>\n<p style=\"text-align: right;\">(Mus\u00e9e de la M\u00e9moire et de la Cr\u00e9ation textile<\/p>\n<p style=\"text-align: right;\">29 avenue Julien Lagache \u00e0\u00a0Roubaix)<\/p>\n<p style=\"text-align: right;\"><strong>Gratuit mais r\u00e9servation<\/strong>\u00a0obligatoire<\/p>\n<p style=\"text-align: right;\">aupr\u00e8s de l\u2019Office de tourisme de Roubaix au 03 20 65 31 90\u00a0ou\u00a0<a href=\"https:\/\/xyz.us18.list-manage.com\/track\/click?u=a9b87f8487042014cfdf00609&amp;id=986361c4e0&amp;e=cb8a787511\" target=\"_blank\" rel=\"noopener noreferrer\" data-saferedirecturl=\"https:\/\/www.google.com\/url?q=https:\/\/xyz.us18.list-manage.com\/track\/click?u%3Da9b87f8487042014cfdf00609%26id%3D986361c4e0%26e%3Dcb8a787511&amp;source=gmail&amp;ust=1574316022059000&amp;usg=AFQjCNG0zdWjskaz02uUrj15VWvo_9LoHQ\">sur le site de La Manufacture<\/a>.<\/p>\n<p>&nbsp;<\/p>\n","protected":false},"excerpt":{"rendered":"<p>Atelier enfant-parent (\u00e0 partir de 6 ans),\u00a0dans le cadre de l\u2019exposition\u00a0Roubaix : M\u00e9tamorphoses d\u2019une ville textile\u00a0&amp;\u00a0librement inspir\u00e9 de livres de Didier Cornille, l\u2019auteur illustrateur entre autres de La ville, quoi de neuf ? (Ed. h\u00e9lium). Cr\u00e9ation d\u2019une maquette collective autour d\u2019une ville plus \u00e9cologique, plus innovante, plus citoyenne, plus mobile, qui continue cependant \u00e0 se &hellip; <a href=\"https:\/\/perluette.xyz\/index.php\/2019\/11\/20\/imagine-la-ville-de-demain-a-roubaix\/\" class=\"more-link\">Continue reading <span class=\"screen-reader-text\">Imagine la ville de demain \u00e0 Roubaix<\/span><\/a><\/p>\n","protected":false},"author":1,"featured_media":0,"comment_status":"open","ping_status":"open","sticky":false,"template":"","format":"standard","meta":{"footnotes":""},"categories":[4],"tags":[165,58,252,93],"class_list":["post-1180","post","type-post","status-publish","format-standard","hentry","category-autres-projets","tag-atelier","tag-didier-cornille","tag-roubaix","tag-ville"],"_links":{"self":[{"href":"https:\/\/perluette.xyz\/index.php\/wp-json\/wp\/v2\/posts\/1180","targetHints":{"allow":["GET"]}}],"collection":[{"href":"https:\/\/perluette.xyz\/index.php\/wp-json\/wp\/v2\/posts"}],"about":[{"href":"https:\/\/perluette.xyz\/index.php\/wp-json\/wp\/v2\/types\/post"}],"author":[{"embeddable":true,"href":"https:\/\/perluette.xyz\/index.php\/wp-json\/wp\/v2\/users\/1"}],"replies":[{"embeddable":true,"href":"https:\/\/perluette.xyz\/index.php\/wp-json\/wp\/v2\/comments?post=1180"}],"version-history":[{"count":1,"href":"https:\/\/perluette.xyz\/index.php\/wp-json\/wp\/v2\/posts\/1180\/revisions"}],"predecessor-version":[{"id":1182,"href":"https:\/\/perluette.xyz\/index.php\/wp-json\/wp\/v2\/posts\/1180\/revisions\/1182"}],"wp:attachment":[{"href":"https:\/\/perluette.xyz\/index.php\/wp-json\/wp\/v2\/media?parent=1180"}],"wp:term":[{"taxonomy":"category","embeddable":true,"href":"https:\/\/perluette.xyz\/index.php\/wp-json\/wp\/v2\/categories?post=1180"},{"taxonomy":"post_tag","embeddable":true,"href":"https:\/\/perluette.xyz\/index.php\/wp-json\/wp\/v2\/tags?post=1180"}],"curies":[{"name":"wp","href":"https:\/\/api.w.org\/{rel}","templated":true}]}}