{"id":1363,"date":"2021-07-12T16:50:41","date_gmt":"2021-07-12T15:50:41","guid":{"rendered":"http:\/\/perluette.xyz\/?p=1363"},"modified":"2021-07-12T16:58:51","modified_gmt":"2021-07-12T15:58:51","slug":"une-journee-a-labbaye-de-vaucelles-kalimba","status":"publish","type":"post","link":"https:\/\/perluette.xyz\/index.php\/2021\/07\/12\/une-journee-a-labbaye-de-vaucelles-kalimba\/","title":{"rendered":"Une journ\u00e9e \u00e0 l&rsquo;Abbaye de Vaucelles \u00a9 Kalimba"},"content":{"rendered":"<p>Ce jeudi 8 juillet 2021 dans le cadre de <em><strong>Perluette &amp; la M\u00e9diath\u00e8que d\u00e9partementale du Nord r\u00eavent en MER(veilles)<\/strong><\/em> mais aussi dans le cadre de Partir en livre &amp; de Bib&rsquo;Estiv&rsquo;, l&rsquo;Abbaye de Vaucelles (Cambr\u00e9sis) recevait Isabelle Simler pour un atelier dessins d&rsquo;insectes en \u00e9cho \u00e0 l&rsquo;exposition <em>La Toile<\/em> (install\u00e9e tout l&rsquo;\u00e9t\u00e9, en complicit\u00e9 avec les Editions courtes et longues) &amp; Isabelle Desfontaines de Chuchoti et Papota d&rsquo;Isa avec une balade-racont\u00e9e inspir\u00e9e d&rsquo;albums d&rsquo;Isabelle Simler. Encore une MER(veilleuse) journ\u00e9e !<\/p>\n<p><img loading=\"lazy\" decoding=\"async\" class=\"size-medium wp-image-1365 alignleft\" src=\"https:\/\/perluette.xyz\/wp-content\/uploads\/2021\/07\/Vaucelles11-\u00a9Kalimba-200x300.jpg\" alt=\"\" width=\"200\" height=\"300\" \/><\/p>\n<p><img loading=\"lazy\" decoding=\"async\" class=\"size-medium wp-image-1364 alignnone\" src=\"https:\/\/perluette.xyz\/wp-content\/uploads\/2021\/07\/Vaucelles07-\u00a9Kalimba-300x200.jpg\" alt=\"\" width=\"300\" height=\"200\" \/><\/p>\n<p>&nbsp;<\/p>\n<p>&nbsp;<\/p>\n<p><img loading=\"lazy\" decoding=\"async\" class=\"size-medium wp-image-1369 alignleft\" src=\"https:\/\/perluette.xyz\/wp-content\/uploads\/2021\/07\/Vaucelles28-\u00a9Kalimba-200x300.jpg\" alt=\"\" width=\"200\" height=\"300\" \/><img loading=\"lazy\" decoding=\"async\" class=\"size-medium wp-image-1367 alignright\" src=\"https:\/\/perluette.xyz\/wp-content\/uploads\/2021\/07\/Vaucelles23-\u00a9Kalimba-200x300.jpg\" alt=\"\" width=\"200\" height=\"300\" \/><img loading=\"lazy\" decoding=\"async\" class=\"size-medium wp-image-1370 alignnone\" src=\"https:\/\/perluette.xyz\/wp-content\/uploads\/2021\/07\/Vaucelles30-\u00a9Kalimba-300x200.jpg\" alt=\"\" width=\"300\" height=\"200\" \/><\/p>\n<p>&nbsp;<\/p>\n<p><img loading=\"lazy\" decoding=\"async\" class=\"size-medium wp-image-1366 alignnone\" src=\"https:\/\/perluette.xyz\/wp-content\/uploads\/2021\/07\/Vaucelles22-\u00a9Kalimba-300x200.jpg\" alt=\"\" width=\"300\" height=\"200\" \/><img loading=\"lazy\" decoding=\"async\" class=\"size-medium wp-image-1371 alignright\" src=\"https:\/\/perluette.xyz\/wp-content\/uploads\/2021\/07\/Vaucelles33-\u00a9Kalimba-300x200.jpg\" alt=\"\" width=\"300\" height=\"200\" \/><\/p>\n<p>Merci \u00e0 notre photographe complice Kalimba pour ces images radieuses !<\/p>\n<p>Continuez \u00e0 r\u00eaver avec Perluette en consultant le <a href=\"https:\/\/indd.adobe.com\/view\/6e79b4b8-3567-4c19-a5fb-b5ec9930de6e\" target=\"_blank\" rel=\"noopener noreferrer\">programme complet de l&rsquo;\u00e9v\u00e8nement ICI<\/a>&#8230;<\/p>\n<p>Pour info, <a href=\"https:\/\/mediathequedepartementale-v2.lenord.fr\/images\/PDF\/2020\/bib-estiv-mediatheque-bibliotheque-estivale-mdn-1-7-21-web-2.pdf\" target=\"_blank\" rel=\"noopener noreferrer\">programme de Bib&rsquo;Estiv&rsquo;<\/a> organis\u00e9 tout l&rsquo;\u00e9t\u00e9 par la M\u00e9diath\u00e8que d\u00e9partementale du Nord.<\/p>\n","protected":false},"excerpt":{"rendered":"<p>Ce jeudi 8 juillet 2021 dans le cadre de Perluette &amp; la M\u00e9diath\u00e8que d\u00e9partementale du Nord r\u00eavent en MER(veilles) mais aussi dans le cadre de Partir en livre &amp; de Bib&rsquo;Estiv&rsquo;, l&rsquo;Abbaye de Vaucelles (Cambr\u00e9sis) recevait Isabelle Simler pour un atelier dessins d&rsquo;insectes en \u00e9cho \u00e0 l&rsquo;exposition La Toile (install\u00e9e tout l&rsquo;\u00e9t\u00e9, en complicit\u00e9 avec &hellip; <a href=\"https:\/\/perluette.xyz\/index.php\/2021\/07\/12\/une-journee-a-labbaye-de-vaucelles-kalimba\/\" class=\"more-link\">Continue reading <span class=\"screen-reader-text\">Une journ\u00e9e \u00e0 l&rsquo;Abbaye de Vaucelles \u00a9 Kalimba<\/span><\/a><\/p>\n","protected":false},"author":1,"featured_media":0,"comment_status":"open","ping_status":"open","sticky":false,"template":"","format":"standard","meta":{"footnotes":""},"categories":[3],"tags":[336,165,360,359,97,361,332,237,86,263,66],"class_list":["post-1363","post","type-post","status-publish","format-standard","hentry","category-projets-perluette","tag-abbaye-de-vaucelles","tag-atelier","tag-balade-racontee","tag-chuchoti-papota-disa","tag-exposition","tag-insectes","tag-isabelle-simler","tag-kalimba","tag-livres-jeunesse","tag-pel","tag-perluette"],"_links":{"self":[{"href":"https:\/\/perluette.xyz\/index.php\/wp-json\/wp\/v2\/posts\/1363","targetHints":{"allow":["GET"]}}],"collection":[{"href":"https:\/\/perluette.xyz\/index.php\/wp-json\/wp\/v2\/posts"}],"about":[{"href":"https:\/\/perluette.xyz\/index.php\/wp-json\/wp\/v2\/types\/post"}],"author":[{"embeddable":true,"href":"https:\/\/perluette.xyz\/index.php\/wp-json\/wp\/v2\/users\/1"}],"replies":[{"embeddable":true,"href":"https:\/\/perluette.xyz\/index.php\/wp-json\/wp\/v2\/comments?post=1363"}],"version-history":[{"count":7,"href":"https:\/\/perluette.xyz\/index.php\/wp-json\/wp\/v2\/posts\/1363\/revisions"}],"predecessor-version":[{"id":1378,"href":"https:\/\/perluette.xyz\/index.php\/wp-json\/wp\/v2\/posts\/1363\/revisions\/1378"}],"wp:attachment":[{"href":"https:\/\/perluette.xyz\/index.php\/wp-json\/wp\/v2\/media?parent=1363"}],"wp:term":[{"taxonomy":"category","embeddable":true,"href":"https:\/\/perluette.xyz\/index.php\/wp-json\/wp\/v2\/categories?post=1363"},{"taxonomy":"post_tag","embeddable":true,"href":"https:\/\/perluette.xyz\/index.php\/wp-json\/wp\/v2\/tags?post=1363"}],"curies":[{"name":"wp","href":"https:\/\/api.w.org\/{rel}","templated":true}]}}