{"id":1388,"date":"2021-07-22T14:28:36","date_gmt":"2021-07-22T13:28:36","guid":{"rendered":"http:\/\/perluette.xyz\/?p=1388"},"modified":"2021-07-22T14:29:39","modified_gmt":"2021-07-22T13:29:39","slug":"des-ateliers-haikus-pour-une-installation-verre-papier","status":"publish","type":"post","link":"https:\/\/perluette.xyz\/index.php\/2021\/07\/22\/des-ateliers-haikus-pour-une-installation-verre-papier\/","title":{"rendered":"Des ateliers ha\u00efkus pour une installation verre &#038; papier au 36 \u00e0 Anor"},"content":{"rendered":"<p>Des ateliers ha\u00efkus en complicit\u00e9 avec Waii-Waii se sont d\u00e9roul\u00e9s \u00e0 Fourmies le 16 juillet &amp; Anor \u00e0 le 17 juillet 2021.<\/p>\n<p>Le 36 \u00e0 Anor accueillera au minimum jusqu&rsquo;\u00e0 mi-septembre une installation en verre sign\u00e9e Waii-Waii (avec la complicit\u00e9 des verriers de l&rsquo;Atelier-Mus\u00e9e du Verre de Tr\u00e9lon) dans laquelle se trouvent suspendus les ha\u00efkus \u00e9crits lors des ateliers dans le cadre de Perluette r\u00eave en MER(veilles).<\/p>\n<figure id=\"attachment_1391\" aria-describedby=\"caption-attachment-1391\" style=\"width: 300px\" class=\"wp-caption alignleft\"><img loading=\"lazy\" decoding=\"async\" class=\"size-medium wp-image-1391\" src=\"https:\/\/perluette.xyz\/wp-content\/uploads\/2021\/07\/Anor077\u00a9Perluette-300x199.jpg\" alt=\"\" width=\"300\" height=\"199\" srcset=\"https:\/\/perluette.xyz\/wp-content\/uploads\/2021\/07\/Anor077\u00a9Perluette-300x199.jpg 300w, https:\/\/perluette.xyz\/wp-content\/uploads\/2021\/07\/Anor077\u00a9Perluette-768x510.jpg 768w, https:\/\/perluette.xyz\/wp-content\/uploads\/2021\/07\/Anor077\u00a9Perluette-1024x680.jpg 1024w, https:\/\/perluette.xyz\/wp-content\/uploads\/2021\/07\/Anor077\u00a9Perluette-863x573.jpg 863w, https:\/\/perluette.xyz\/wp-content\/uploads\/2021\/07\/Anor077\u00a9Perluette-163x108.jpg 163w, https:\/\/perluette.xyz\/wp-content\/uploads\/2021\/07\/Anor077\u00a9Perluette.jpg 2048w\" sizes=\"auto, (max-width: 300px) 100vw, 300px\" \/><figcaption id=\"caption-attachment-1391\" class=\"wp-caption-text\">Installation verre &amp; papier Waii-Waii &amp; participant.e.s aux ateliers ha\u00efkus \u00a9Perluette<\/figcaption><\/figure>\n<figure id=\"attachment_1389\" aria-describedby=\"caption-attachment-1389\" style=\"width: 300px\" class=\"wp-caption alignleft\"><img loading=\"lazy\" decoding=\"async\" class=\"size-medium wp-image-1389\" src=\"https:\/\/perluette.xyz\/wp-content\/uploads\/2021\/07\/IMG_4114-300x225.jpg\" alt=\"\" width=\"300\" height=\"225\" srcset=\"https:\/\/perluette.xyz\/wp-content\/uploads\/2021\/07\/IMG_4114-300x225.jpg 300w, https:\/\/perluette.xyz\/wp-content\/uploads\/2021\/07\/IMG_4114-144x108.jpg 144w, https:\/\/perluette.xyz\/wp-content\/uploads\/2021\/07\/IMG_4114.jpg 640w\" sizes=\"auto, (max-width: 300px) 100vw, 300px\" \/><figcaption id=\"caption-attachment-1389\" class=\"wp-caption-text\">Illustration Waii-Waii<\/figcaption><\/figure>\n<p>&nbsp;<\/p>\n<p><em>Attention, v\u00e9rifiez les dates de fermeture &amp; les horaires d&rsquo;\u00e9t\u00e9 du 36 avant de vous d\u00e9placer !<\/em><\/p>\n","protected":false},"excerpt":{"rendered":"<p>Des ateliers ha\u00efkus en complicit\u00e9 avec Waii-Waii se sont d\u00e9roul\u00e9s \u00e0 Fourmies le 16 juillet &amp; Anor \u00e0 le 17 juillet 2021. Le 36 \u00e0 Anor accueillera au minimum jusqu&rsquo;\u00e0 mi-septembre une installation en verre sign\u00e9e Waii-Waii (avec la complicit\u00e9 des verriers de l&rsquo;Atelier-Mus\u00e9e du Verre de Tr\u00e9lon) dans laquelle se trouvent suspendus les ha\u00efkus &hellip; <a href=\"https:\/\/perluette.xyz\/index.php\/2021\/07\/22\/des-ateliers-haikus-pour-une-installation-verre-papier\/\" class=\"more-link\">Continue reading <span class=\"screen-reader-text\">Des ateliers ha\u00efkus pour une installation verre &#038; papier au 36 \u00e0 Anor<\/span><\/a><\/p>\n","protected":false},"author":1,"featured_media":0,"comment_status":"open","ping_status":"open","sticky":false,"template":"","format":"standard","meta":{"footnotes":""},"categories":[3],"tags":[367,366,364,363,338,353,106],"class_list":["post-1388","post","type-post","status-publish","format-standard","hentry","category-projets-perluette","tag-367","tag-anor","tag-fourmies","tag-haikus","tag-medipass","tag-verre","tag-waii-waii"],"_links":{"self":[{"href":"https:\/\/perluette.xyz\/index.php\/wp-json\/wp\/v2\/posts\/1388","targetHints":{"allow":["GET"]}}],"collection":[{"href":"https:\/\/perluette.xyz\/index.php\/wp-json\/wp\/v2\/posts"}],"about":[{"href":"https:\/\/perluette.xyz\/index.php\/wp-json\/wp\/v2\/types\/post"}],"author":[{"embeddable":true,"href":"https:\/\/perluette.xyz\/index.php\/wp-json\/wp\/v2\/users\/1"}],"replies":[{"embeddable":true,"href":"https:\/\/perluette.xyz\/index.php\/wp-json\/wp\/v2\/comments?post=1388"}],"version-history":[{"count":2,"href":"https:\/\/perluette.xyz\/index.php\/wp-json\/wp\/v2\/posts\/1388\/revisions"}],"predecessor-version":[{"id":1393,"href":"https:\/\/perluette.xyz\/index.php\/wp-json\/wp\/v2\/posts\/1388\/revisions\/1393"}],"wp:attachment":[{"href":"https:\/\/perluette.xyz\/index.php\/wp-json\/wp\/v2\/media?parent=1388"}],"wp:term":[{"taxonomy":"category","embeddable":true,"href":"https:\/\/perluette.xyz\/index.php\/wp-json\/wp\/v2\/categories?post=1388"},{"taxonomy":"post_tag","embeddable":true,"href":"https:\/\/perluette.xyz\/index.php\/wp-json\/wp\/v2\/tags?post=1388"}],"curies":[{"name":"wp","href":"https:\/\/api.w.org\/{rel}","templated":true}]}}