{"id":1407,"date":"2021-09-26T16:40:20","date_gmt":"2021-09-26T15:40:20","guid":{"rendered":"http:\/\/perluette.xyz\/?p=1407"},"modified":"2021-09-26T16:40:20","modified_gmt":"2021-09-26T15:40:20","slug":"perluette-tadam-a-charleville","status":"publish","type":"post","link":"https:\/\/perluette.xyz\/index.php\/2021\/09\/26\/perluette-tadam-a-charleville\/","title":{"rendered":"Perluette, TADAM \u00e0 Charleville !"},"content":{"rendered":"<p><img loading=\"lazy\" decoding=\"async\" class=\"alignleft size-medium wp-image-1410\" src=\"https:\/\/perluette.xyz\/wp-content\/uploads\/2021\/09\/pop-up-300x225.jpg\" alt=\"\" width=\"300\" height=\"225\" srcset=\"https:\/\/perluette.xyz\/wp-content\/uploads\/2021\/09\/pop-up-300x225.jpg 300w, https:\/\/perluette.xyz\/wp-content\/uploads\/2021\/09\/pop-up-144x108.jpg 144w, https:\/\/perluette.xyz\/wp-content\/uploads\/2021\/09\/pop-up.jpg 640w\" sizes=\"auto, (max-width: 300px) 100vw, 300px\" \/>L&rsquo;association \u00e9tait invit\u00e9e le mercredi 22 septembre 2021 par le <a href=\"https:\/\/www.flipsnack.com\/collectiferrances\/programme-tadam-2021-xkf293co7k.html\" target=\"_blank\" rel=\"noopener noreferrer\">Collectif Errances pour TADAM !<\/a>, un espace du OFF du <a href=\"https:\/\/www.festival-marionnette.com\/fr\/\" target=\"_blank\" rel=\"noopener noreferrer\">Festival Mondial des Th\u00e9\u00e2tres de Marionnettes<\/a> \u00e0 Charleville-M\u00e9zi\u00e8res, qui mettait \u00e0 l&rsquo;honneur la cr\u00e9ation jeune public notamment avec le travail de\u00a0compagnies des Hauts-de-France.<\/p>\n<p>Perluette y proposait un <strong>atelier pop-up<\/strong> en continu qui a grandement inspir\u00e9 les enfants participants, ainsi qu&rsquo;une <strong>fresque autour de la paix<\/strong> puisque cette intervention s&rsquo;inscrivait dans le cadre de la Journ\u00e9e mondiale de la Paix.<\/p>\n<p>La M\u00e9diath\u00e8que Voyelles avait fort sympathiquement pour l&rsquo;occasion mis \u00e0 la consultation\u00a0un grand nombre de livres jeunesse en lien avec la th\u00e9matique de la Paix.<\/p>\n<p>C&rsquo;\u00e9tait une belle journ\u00e9e qui donne envie d&rsquo;y retourner lors du prochain Festival en 2023 !<\/p>\n<p><img loading=\"lazy\" decoding=\"async\" class=\"alignleft size-medium wp-image-1408\" src=\"https:\/\/perluette.xyz\/wp-content\/uploads\/2021\/09\/fresque-300x225.jpg\" alt=\"\" width=\"300\" height=\"225\" srcset=\"https:\/\/perluette.xyz\/wp-content\/uploads\/2021\/09\/fresque-300x225.jpg 300w, https:\/\/perluette.xyz\/wp-content\/uploads\/2021\/09\/fresque-144x108.jpg 144w, https:\/\/perluette.xyz\/wp-content\/uploads\/2021\/09\/fresque.jpg 640w\" sizes=\"auto, (max-width: 300px) 100vw, 300px\" \/><\/p>\n","protected":false},"excerpt":{"rendered":"<p>L&rsquo;association \u00e9tait invit\u00e9e le mercredi 22 septembre 2021 par le Collectif Errances pour TADAM !, un espace du OFF du Festival Mondial des Th\u00e9\u00e2tres de Marionnettes \u00e0 Charleville-M\u00e9zi\u00e8res, qui mettait \u00e0 l&rsquo;honneur la cr\u00e9ation jeune public notamment avec le travail de\u00a0compagnies des Hauts-de-France. Perluette y proposait un atelier pop-up en continu qui a grandement inspir\u00e9 &hellip; <a href=\"https:\/\/perluette.xyz\/index.php\/2021\/09\/26\/perluette-tadam-a-charleville\/\" class=\"more-link\">Continue reading <span class=\"screen-reader-text\">Perluette, TADAM \u00e0 Charleville !<\/span><\/a><\/p>\n","protected":false},"author":1,"featured_media":0,"comment_status":"open","ping_status":"open","sticky":false,"template":"","format":"standard","meta":{"footnotes":""},"categories":[4],"tags":[165,370,369,267,138,372,11,368,371],"class_list":["post-1407","post","type-post","status-publish","format-standard","hentry","category-autres-projets","tag-atelier","tag-charleville","tag-collectif-errances","tag-fresque","tag-livres","tag-paix","tag-pop-up","tag-tadam","tag-voyelles"],"_links":{"self":[{"href":"https:\/\/perluette.xyz\/index.php\/wp-json\/wp\/v2\/posts\/1407","targetHints":{"allow":["GET"]}}],"collection":[{"href":"https:\/\/perluette.xyz\/index.php\/wp-json\/wp\/v2\/posts"}],"about":[{"href":"https:\/\/perluette.xyz\/index.php\/wp-json\/wp\/v2\/types\/post"}],"author":[{"embeddable":true,"href":"https:\/\/perluette.xyz\/index.php\/wp-json\/wp\/v2\/users\/1"}],"replies":[{"embeddable":true,"href":"https:\/\/perluette.xyz\/index.php\/wp-json\/wp\/v2\/comments?post=1407"}],"version-history":[{"count":1,"href":"https:\/\/perluette.xyz\/index.php\/wp-json\/wp\/v2\/posts\/1407\/revisions"}],"predecessor-version":[{"id":1411,"href":"https:\/\/perluette.xyz\/index.php\/wp-json\/wp\/v2\/posts\/1407\/revisions\/1411"}],"wp:attachment":[{"href":"https:\/\/perluette.xyz\/index.php\/wp-json\/wp\/v2\/media?parent=1407"}],"wp:term":[{"taxonomy":"category","embeddable":true,"href":"https:\/\/perluette.xyz\/index.php\/wp-json\/wp\/v2\/categories?post=1407"},{"taxonomy":"post_tag","embeddable":true,"href":"https:\/\/perluette.xyz\/index.php\/wp-json\/wp\/v2\/tags?post=1407"}],"curies":[{"name":"wp","href":"https:\/\/api.w.org\/{rel}","templated":true}]}}