{"id":1412,"date":"2021-09-26T16:52:15","date_gmt":"2021-09-26T15:52:15","guid":{"rendered":"http:\/\/perluette.xyz\/?p=1412"},"modified":"2021-09-26T16:52:15","modified_gmt":"2021-09-26T15:52:15","slug":"billy-symphony-un-concert-bd-a-decouvrir-cet-automne","status":"publish","type":"post","link":"https:\/\/perluette.xyz\/index.php\/2021\/09\/26\/billy-symphony-un-concert-bd-a-decouvrir-cet-automne\/","title":{"rendered":"Billy Symphony, un concert-BD \u00e0 d\u00e9couvrir cet automne !!!"},"content":{"rendered":"<p><img loading=\"lazy\" decoding=\"async\" class=\"alignleft wp-image-1413 size-medium\" src=\"https:\/\/perluette.xyz\/wp-content\/uploads\/2021\/09\/Affiche_BillySymphony_sept21-212x300.jpg\" alt=\"\" width=\"212\" height=\"300\" srcset=\"https:\/\/perluette.xyz\/wp-content\/uploads\/2021\/09\/Affiche_BillySymphony_sept21-212x300.jpg 212w, https:\/\/perluette.xyz\/wp-content\/uploads\/2021\/09\/Affiche_BillySymphony_sept21-768x1085.jpg 768w, https:\/\/perluette.xyz\/wp-content\/uploads\/2021\/09\/Affiche_BillySymphony_sept21-725x1024.jpg 725w, https:\/\/perluette.xyz\/wp-content\/uploads\/2021\/09\/Affiche_BillySymphony_sept21-863x1220.jpg 863w, https:\/\/perluette.xyz\/wp-content\/uploads\/2021\/09\/Affiche_BillySymphony_sept21-76x108.jpg 76w, https:\/\/perluette.xyz\/wp-content\/uploads\/2021\/09\/Affiche_BillySymphony_sept21.jpg 1241w\" sizes=\"auto, (max-width: 212px) 100vw, 212px\" \/>Derni\u00e8re ligne droite pour la <strong>cr\u00e9ation du concert-BD Billy Symphony<\/strong>, accueilli pour 3 derniers jours de r\u00e9sidence de travail au Nautilys \u00e0 Comines les 27-28-29 septembre !<\/p>\n<p>La musique de ce concert-BD, d&rsquo;apr\u00e8s l&rsquo;album de David P\u00e9rimony (\u00e9ditions de la goutti\u00e8re), est compos\u00e9e par Claire Bellamy &amp; Pierre-Yves Langlois, interpr\u00e9t\u00e9e par Claire Bellamy &amp; David Laisn\u00e9 (r\u00e9gie : Cyrille Brug\u00e8re).<\/p>\n<p>Vous aurez largement l&rsquo;occasion de le d\u00e9couvrir cet automne sur la M\u00e9tropole lilloise &#8211; alors prenez date :<\/p>\n<ul>\n<li><strong>Vendredi 8 octobre 2021<\/strong> \u00e0 18h30 \u00e0 la M\u00e9diath\u00e8que d\u2019Annoeullin<\/li>\n<li><strong>Samedi 9 octobre 2021<\/strong> \u00e0 18h30 \u00e0 la M\u00e9diath\u00e8que Jean L\u00e9vy \u00e0 Lille\u00a0dans le cadre de la Nuit des Biblioth\u00e8ques<\/li>\n<li><strong>Mardi 19 octobre 2021<\/strong> \u00e0 14h30 (scolaire) &amp; \u00e0 20h au Th\u00e9\u00e2tre de l\u2019Aventure \u00e0 Hem dans le cadre du Festival Pas Cap\u00a0! en partenariat avec le Th\u00e9\u00e2tre Massenet<\/li>\n<li><strong>Mercredi 17 novembre 2021<\/strong> apr\u00e8s-midi \u00e0 la Maison Folie Beaulieu \u00e0 Lomme dans le cadre du Festival Etats de blues<\/li>\n<li><strong>Mercredi 24 novembre 2021<\/strong> \u00e0 14h \u00e0 La Fileuse \u00e0 Loos<\/li>\n<li><strong>Jeudi 25 novembre <\/strong>\u00e0 14h30 (scolaire) &amp; <strong>vendredi 26 novembre<\/strong> \u00e0 14h30 (scolaire) &amp; \u00e0 20h au Centre musical Les Arcades \u00e0 Faches Thumesnil<\/li>\n<li><strong>Samedi 27 novembre 2021 <\/strong>\u00e0 16h \u00e0 la M\u00e9diath\u00e8que de Faches Thumesnil dans la programmation des Arcades<\/li>\n<li><strong>Mardi 7 d\u00e9cembre 2021<\/strong> \u00e0 20h aux Bains Douches \u00e0 Lys-lez-Lannoy<\/li>\n<li><strong>Mercredi 15 &amp; jeudi 16 d\u00e9cembre 2021<\/strong> \u00e0 l\u2019Hospice d\u2019Havr\u00e9 \u00e0 Tourcoing \/ programmation Tourcoing Jazz.<\/li>\n<\/ul>\n<p style=\"text-align: right;\"><em>R\u00e9servation aupr\u00e8s de chacune des structures.<\/em><\/p>\n<p style=\"text-align: right;\"><em>R\u00e9servation pour les professionnel.le.s aupr\u00e8s de Magali au 06 79 21 09 27<\/em><\/p>\n<p style=\"text-align: right;\"><em>ou \u00e0 association.perluette@gmail.com<\/em><\/p>\n","protected":false},"excerpt":{"rendered":"<p>Derni\u00e8re ligne droite pour la cr\u00e9ation du concert-BD Billy Symphony, accueilli pour 3 derniers jours de r\u00e9sidence de travail au Nautilys \u00e0 Comines les 27-28-29 septembre ! La musique de ce concert-BD, d&rsquo;apr\u00e8s l&rsquo;album de David P\u00e9rimony (\u00e9ditions de la goutti\u00e8re), est compos\u00e9e par Claire Bellamy &amp; Pierre-Yves Langlois, interpr\u00e9t\u00e9e par Claire Bellamy &amp; David &hellip; <a href=\"https:\/\/perluette.xyz\/index.php\/2021\/09\/26\/billy-symphony-un-concert-bd-a-decouvrir-cet-automne\/\" class=\"more-link\">Continue reading <span class=\"screen-reader-text\">Billy Symphony, un concert-BD \u00e0 d\u00e9couvrir cet automne !!!<\/span><\/a><\/p>\n","protected":false},"author":1,"featured_media":0,"comment_status":"open","ping_status":"open","sticky":false,"template":"","format":"standard","meta":{"footnotes":""},"categories":[3],"tags":[43,307,310,308,373,374,178],"class_list":["post-1412","post","type-post","status-publish","format-standard","hentry","category-projets-perluette","tag-bd","tag-billy-symphony","tag-concert-bd","tag-david-perimony","tag-jazz","tag-jeune-public","tag-la-gouttiere"],"_links":{"self":[{"href":"https:\/\/perluette.xyz\/index.php\/wp-json\/wp\/v2\/posts\/1412","targetHints":{"allow":["GET"]}}],"collection":[{"href":"https:\/\/perluette.xyz\/index.php\/wp-json\/wp\/v2\/posts"}],"about":[{"href":"https:\/\/perluette.xyz\/index.php\/wp-json\/wp\/v2\/types\/post"}],"author":[{"embeddable":true,"href":"https:\/\/perluette.xyz\/index.php\/wp-json\/wp\/v2\/users\/1"}],"replies":[{"embeddable":true,"href":"https:\/\/perluette.xyz\/index.php\/wp-json\/wp\/v2\/comments?post=1412"}],"version-history":[{"count":2,"href":"https:\/\/perluette.xyz\/index.php\/wp-json\/wp\/v2\/posts\/1412\/revisions"}],"predecessor-version":[{"id":1708,"href":"https:\/\/perluette.xyz\/index.php\/wp-json\/wp\/v2\/posts\/1412\/revisions\/1708"}],"wp:attachment":[{"href":"https:\/\/perluette.xyz\/index.php\/wp-json\/wp\/v2\/media?parent=1412"}],"wp:term":[{"taxonomy":"category","embeddable":true,"href":"https:\/\/perluette.xyz\/index.php\/wp-json\/wp\/v2\/categories?post=1412"},{"taxonomy":"post_tag","embeddable":true,"href":"https:\/\/perluette.xyz\/index.php\/wp-json\/wp\/v2\/tags?post=1412"}],"curies":[{"name":"wp","href":"https:\/\/api.w.org\/{rel}","templated":true}]}}