{"id":1567,"date":"2022-06-24T12:55:55","date_gmt":"2022-06-24T11:55:55","guid":{"rendered":"http:\/\/perluette.xyz\/?p=1567"},"modified":"2022-06-24T12:56:54","modified_gmt":"2022-06-24T11:56:54","slug":"cest-parti-les-amies","status":"publish","type":"post","link":"https:\/\/perluette.xyz\/index.php\/2022\/06\/24\/cest-parti-les-amies\/","title":{"rendered":"C&rsquo;est parti les amies !"},"content":{"rendered":"<p style=\"text-align: left;\"><img loading=\"lazy\" decoding=\"async\" class=\"size-large wp-image-1573 aligncenter\" src=\"https:\/\/perluette.xyz\/wp-content\/uploads\/2022\/06\/artistesenfants_22juin22\u00a9Perluette-1024x680.jpg\" alt=\"\" width=\"863\" height=\"573\" srcset=\"https:\/\/perluette.xyz\/wp-content\/uploads\/2022\/06\/artistesenfants_22juin22\u00a9Perluette-1024x680.jpg 1024w, https:\/\/perluette.xyz\/wp-content\/uploads\/2022\/06\/artistesenfants_22juin22\u00a9Perluette-300x199.jpg 300w, https:\/\/perluette.xyz\/wp-content\/uploads\/2022\/06\/artistesenfants_22juin22\u00a9Perluette-768x510.jpg 768w, https:\/\/perluette.xyz\/wp-content\/uploads\/2022\/06\/artistesenfants_22juin22\u00a9Perluette-863x573.jpg 863w, https:\/\/perluette.xyz\/wp-content\/uploads\/2022\/06\/artistesenfants_22juin22\u00a9Perluette-163x108.jpg 163w, https:\/\/perluette.xyz\/wp-content\/uploads\/2022\/06\/artistesenfants_22juin22\u00a9Perluette.jpg 2048w\" sizes=\"auto, (max-width: 863px) 100vw, 863px\" \/><\/p>\n<p style=\"text-align: left;\"><strong>L&rsquo;illustratrice Magali Dulain &amp; l&rsquo;autrice St\u00e9phanie Demasse-Pottier<\/strong>\u00a0ont invent\u00e9 pour Perluette se lit d&rsquo;amiti\u00e9 un atelier inspir\u00e9 de l&rsquo;album <em>Un monde \u00e0 inventer<\/em>\u00a0\u00a0(L&rsquo;Etag\u00e8re du Bas) : chaque enfant a cr\u00e9\u00e9 son leporello en noir &amp; blanc.<\/p>\n<p style=\"text-align: left;\">Un premier atelier accueilli par le r\u00e9seau de m\u00e9diath\u00e8ques du SIVS \u00e0 la M\u00e9diath\u00e8que de Brillon.<\/p>\n<p style=\"text-align: left;\">Retrouvez Magali Dulain pour des ateliers au sein du r\u00e9seau M\u00e9di@&rsquo;pass :<strong>\u00a0samedi 25 juin \u00e0 10h \u00e0 Anor<\/strong>, <strong>mercredi 29 juin \u00e0 10h \u00e0 Momignies<\/strong> (Belgique) &amp;<strong> \u00e0 14h \u00e0 Wignehies<\/strong>.<\/p>\n<p style=\"text-align: center;\"><a href=\"https:\/\/perluette.xyz\/wp-content\/uploads\/2022\/06\/flyer_medi@pass.pdf\" target=\"_blank\" rel=\"noopener noreferrer\">Plus d&rsquo;infos en cliquant ici<\/a><\/p>\n","protected":false},"excerpt":{"rendered":"<p>L&rsquo;illustratrice Magali Dulain &amp; l&rsquo;autrice St\u00e9phanie Demasse-Pottier\u00a0ont invent\u00e9 pour Perluette se lit d&rsquo;amiti\u00e9 un atelier inspir\u00e9 de l&rsquo;album Un monde \u00e0 inventer\u00a0\u00a0(L&rsquo;Etag\u00e8re du Bas) : chaque enfant a cr\u00e9\u00e9 son leporello en noir &amp; blanc. Un premier atelier accueilli par le r\u00e9seau de m\u00e9diath\u00e8ques du SIVS \u00e0 la M\u00e9diath\u00e8que de Brillon. Retrouvez Magali Dulain pour &hellip; <a href=\"https:\/\/perluette.xyz\/index.php\/2022\/06\/24\/cest-parti-les-amies\/\" class=\"more-link\">Continue reading <span class=\"screen-reader-text\">C&rsquo;est parti les amies !<\/span><\/a><\/p>\n","protected":false},"author":1,"featured_media":0,"comment_status":"open","ping_status":"open","sticky":false,"template":"","format":"standard","meta":{"footnotes":""},"categories":[3],"tags":[386,165,394,239,92,209,401,263,400,319,388],"class_list":["post-1567","post","type-post","status-publish","format-standard","hentry","category-projets-perluette","tag-amitie","tag-atelier","tag-brillon","tag-leporello","tag-livre-jeunesse","tag-magali-dulain","tag-noir-blanc","tag-pel","tag-reseau-de-mediatheques","tag-sivs","tag-stephanie-demasse-pottier"],"_links":{"self":[{"href":"https:\/\/perluette.xyz\/index.php\/wp-json\/wp\/v2\/posts\/1567","targetHints":{"allow":["GET"]}}],"collection":[{"href":"https:\/\/perluette.xyz\/index.php\/wp-json\/wp\/v2\/posts"}],"about":[{"href":"https:\/\/perluette.xyz\/index.php\/wp-json\/wp\/v2\/types\/post"}],"author":[{"embeddable":true,"href":"https:\/\/perluette.xyz\/index.php\/wp-json\/wp\/v2\/users\/1"}],"replies":[{"embeddable":true,"href":"https:\/\/perluette.xyz\/index.php\/wp-json\/wp\/v2\/comments?post=1567"}],"version-history":[{"count":21,"href":"https:\/\/perluette.xyz\/index.php\/wp-json\/wp\/v2\/posts\/1567\/revisions"}],"predecessor-version":[{"id":1593,"href":"https:\/\/perluette.xyz\/index.php\/wp-json\/wp\/v2\/posts\/1567\/revisions\/1593"}],"wp:attachment":[{"href":"https:\/\/perluette.xyz\/index.php\/wp-json\/wp\/v2\/media?parent=1567"}],"wp:term":[{"taxonomy":"category","embeddable":true,"href":"https:\/\/perluette.xyz\/index.php\/wp-json\/wp\/v2\/categories?post=1567"},{"taxonomy":"post_tag","embeddable":true,"href":"https:\/\/perluette.xyz\/index.php\/wp-json\/wp\/v2\/tags?post=1567"}],"curies":[{"name":"wp","href":"https:\/\/api.w.org\/{rel}","templated":true}]}}