{"id":1594,"date":"2022-06-27T12:44:14","date_gmt":"2022-06-27T11:44:14","guid":{"rendered":"http:\/\/perluette.xyz\/?p=1594"},"modified":"2022-06-27T12:45:58","modified_gmt":"2022-06-27T11:45:58","slug":"atelier-avec-magali-dulain-a-anor","status":"publish","type":"post","link":"https:\/\/perluette.xyz\/index.php\/2022\/06\/27\/atelier-avec-magali-dulain-a-anor\/","title":{"rendered":"Atelier avec Magali Dulain \u00e0 Anor"},"content":{"rendered":"<p>Ce samedi 25 juin 2022 matin, le 36 \u00e0 Anor accueillait en complicit\u00e9 avec le r\u00e9seau de m\u00e9diath\u00e8ques transfrontalier M\u00e9di@&rsquo;pass un atelier avec l&rsquo;illustratrice Magali Dulain &#8211; les enfants ont ainsi pu tester la technique de l&rsquo;aquarelle &amp; fabriquer un livre-escargot.<\/p>\n<p><a href=\"https:\/\/perluette.xyz\/wp-content\/uploads\/2022\/06\/Le36_25juin22\u00a9Perluette-e1656330123236.jpg\"><img loading=\"lazy\" decoding=\"async\" class=\"alignleft wp-image-1595 size-medium\" src=\"https:\/\/perluette.xyz\/wp-content\/uploads\/2022\/06\/Le36_25juin22\u00a9Perluette-300x225.jpg\" alt=\"\" width=\"300\" height=\"225\" \/><\/a><\/p>\n<p style=\"text-align: center;\"><a href=\"https:\/\/perluette.xyz\/wp-content\/uploads\/2022\/06\/livre-escargot_25juin22\u00a9Perluette-e1656330187413.jpg\"><img loading=\"lazy\" decoding=\"async\" class=\"alignright wp-image-1596 size-medium\" src=\"https:\/\/perluette.xyz\/wp-content\/uploads\/2022\/06\/livre-escargot_25juin22\u00a9Perluette-300x225.jpg\" alt=\"\" width=\"300\" height=\"225\" \/><\/a><\/p>\n<p style=\"text-align: center;\">\n<p style=\"text-align: center;\">\n<p style=\"text-align: center;\"><strong>Prochains ateliers avec Magali Dulain &amp; le r\u00e9seau M\u00e9di@&rsquo;pass \u00e0 Momignies &amp; \u00e0 Wignehies le mercredi 29 juin 2022.<\/strong><\/p>\n<p style=\"text-align: center;\"><a href=\"https:\/\/perluette.xyz\/wp-content\/uploads\/2022\/06\/flyer_medi@pass.pdf\">Plus d&rsquo;infos en cliquant ici<\/a><\/p>\n","protected":false},"excerpt":{"rendered":"<p>Ce samedi 25 juin 2022 matin, le 36 \u00e0 Anor accueillait en complicit\u00e9 avec le r\u00e9seau de m\u00e9diath\u00e8ques transfrontalier M\u00e9di@&rsquo;pass un atelier avec l&rsquo;illustratrice Magali Dulain &#8211; les enfants ont ainsi pu tester la technique de l&rsquo;aquarelle &amp; fabriquer un livre-escargot. Prochains ateliers avec Magali Dulain &amp; le r\u00e9seau M\u00e9di@&rsquo;pass \u00e0 Momignies &amp; \u00e0 Wignehies &hellip; <a href=\"https:\/\/perluette.xyz\/index.php\/2022\/06\/27\/atelier-avec-magali-dulain-a-anor\/\" class=\"more-link\">Continue reading <span class=\"screen-reader-text\">Atelier avec Magali Dulain \u00e0 Anor<\/span><\/a><\/p>\n","protected":false},"author":1,"featured_media":0,"comment_status":"open","ping_status":"open","sticky":false,"template":"","format":"standard","meta":{"footnotes":""},"categories":[3],"tags":[386,402,338,263],"class_list":["post-1594","post","type-post","status-publish","format-standard","hentry","category-projets-perluette","tag-amitie","tag-dulain","tag-medipass","tag-pel"],"_links":{"self":[{"href":"https:\/\/perluette.xyz\/index.php\/wp-json\/wp\/v2\/posts\/1594","targetHints":{"allow":["GET"]}}],"collection":[{"href":"https:\/\/perluette.xyz\/index.php\/wp-json\/wp\/v2\/posts"}],"about":[{"href":"https:\/\/perluette.xyz\/index.php\/wp-json\/wp\/v2\/types\/post"}],"author":[{"embeddable":true,"href":"https:\/\/perluette.xyz\/index.php\/wp-json\/wp\/v2\/users\/1"}],"replies":[{"embeddable":true,"href":"https:\/\/perluette.xyz\/index.php\/wp-json\/wp\/v2\/comments?post=1594"}],"version-history":[{"count":3,"href":"https:\/\/perluette.xyz\/index.php\/wp-json\/wp\/v2\/posts\/1594\/revisions"}],"predecessor-version":[{"id":1599,"href":"https:\/\/perluette.xyz\/index.php\/wp-json\/wp\/v2\/posts\/1594\/revisions\/1599"}],"wp:attachment":[{"href":"https:\/\/perluette.xyz\/index.php\/wp-json\/wp\/v2\/media?parent=1594"}],"wp:term":[{"taxonomy":"category","embeddable":true,"href":"https:\/\/perluette.xyz\/index.php\/wp-json\/wp\/v2\/categories?post=1594"},{"taxonomy":"post_tag","embeddable":true,"href":"https:\/\/perluette.xyz\/index.php\/wp-json\/wp\/v2\/tags?post=1594"}],"curies":[{"name":"wp","href":"https:\/\/api.w.org\/{rel}","templated":true}]}}