{"id":1600,"date":"2022-06-27T12:52:28","date_gmt":"2022-06-27T11:52:28","guid":{"rendered":"http:\/\/perluette.xyz\/?p=1600"},"modified":"2022-06-27T12:55:48","modified_gmt":"2022-06-27T11:55:48","slug":"billy-symphony-clap-saison-1","status":"publish","type":"post","link":"https:\/\/perluette.xyz\/index.php\/2022\/06\/27\/billy-symphony-clap-saison-1\/","title":{"rendered":"Billy Symphony &#8211; clap saison 1"},"content":{"rendered":"<p><a href=\"https:\/\/perluette.xyz\/wp-content\/uploads\/2022\/06\/au-revoir-Billy-e1656330805887.jpg\"><img loading=\"lazy\" decoding=\"async\" class=\"alignright size-medium wp-image-1601\" src=\"https:\/\/perluette.xyz\/wp-content\/uploads\/2022\/06\/au-revoir-Billy-300x225.jpg\" alt=\"\" width=\"300\" height=\"225\" \/><\/a>Le concert-BD Billy Symphony cr\u00e9\u00e9 par Perluette \u00e0 partir de la BD muette \u00e9ponyme de David P\u00e9rimony (composition musicale : Claire Bellamy &amp; Pierre-Yves Langlois; interpr\u00e9tation : Claire Bellamy &amp; David Laisn\u00e9) cl\u00f4ture sa saison culturelle avec l&rsquo;invitation aux 26\u00e8mes RV de la Bande dessin\u00e9e d&rsquo;Amiens organis\u00e9es par On a March\u00e9 sur la Bulle.<\/p>\n<p>Un public &amp; un dessinateur ami\u00e9nois ravis ces 25-26 juin 2022 !<\/p>\n<p><strong>Depuis sa cr\u00e9ation en octobre 2021, le concert-BD Billy Symphony a jou\u00e9 25 fois<\/strong> (15 tout public &amp; 10 scolaires) <strong>pour plus de 2500 personnes dans 14 lieux de 13 communes<\/strong> (Annoeullin, Lomme, Faches Thumesnil, Loos, Lys-lez-Lannoy, Tourcoing en 2021 &amp; Hem, Albert, Mazingarbe, Mons-en-Baroeul, Wasquehal, Comines &amp; Amiens pour ce premier semestre 2022).\u00a0Merci \u00e0 toutes les structures qui ont fait confiance \u00e0 Perluette en accueillant ce concert-BD lors de sa premi\u00e8re saison d&rsquo;exploitation.<\/p>\n<p style=\"text-align: right;\">Prochain concert-BD le samedi 10 septembre \u00e0 20h30 \u00e0 Bresles (60) dans le cadre de la Halle aux Bulles.<\/p>\n<p style=\"text-align: right;\">Plus d&rsquo;informations sur ce projet aupr\u00e8s de <strong>Magali au 06 79 21 09 27 ou \u00e0 association.perluette@gmail.com<\/strong><\/p>\n","protected":false},"excerpt":{"rendered":"<p>Le concert-BD Billy Symphony cr\u00e9\u00e9 par Perluette \u00e0 partir de la BD muette \u00e9ponyme de David P\u00e9rimony (composition musicale : Claire Bellamy &amp; Pierre-Yves Langlois; interpr\u00e9tation : Claire Bellamy &amp; David Laisn\u00e9) cl\u00f4ture sa saison culturelle avec l&rsquo;invitation aux 26\u00e8mes RV de la Bande dessin\u00e9e d&rsquo;Amiens organis\u00e9es par On a March\u00e9 sur la Bulle. Un &hellip; <a href=\"https:\/\/perluette.xyz\/index.php\/2022\/06\/27\/billy-symphony-clap-saison-1\/\" class=\"more-link\">Continue reading <span class=\"screen-reader-text\">Billy Symphony &#8211; clap saison 1<\/span><\/a><\/p>\n","protected":false},"author":1,"featured_media":0,"comment_status":"open","ping_status":"open","sticky":false,"template":"","format":"standard","meta":{"footnotes":""},"categories":[3],"tags":[307,389],"class_list":["post-1600","post","type-post","status-publish","format-standard","hentry","category-projets-perluette","tag-billy-symphony","tag-rv-bd-amiens"],"_links":{"self":[{"href":"https:\/\/perluette.xyz\/index.php\/wp-json\/wp\/v2\/posts\/1600","targetHints":{"allow":["GET"]}}],"collection":[{"href":"https:\/\/perluette.xyz\/index.php\/wp-json\/wp\/v2\/posts"}],"about":[{"href":"https:\/\/perluette.xyz\/index.php\/wp-json\/wp\/v2\/types\/post"}],"author":[{"embeddable":true,"href":"https:\/\/perluette.xyz\/index.php\/wp-json\/wp\/v2\/users\/1"}],"replies":[{"embeddable":true,"href":"https:\/\/perluette.xyz\/index.php\/wp-json\/wp\/v2\/comments?post=1600"}],"version-history":[{"count":4,"href":"https:\/\/perluette.xyz\/index.php\/wp-json\/wp\/v2\/posts\/1600\/revisions"}],"predecessor-version":[{"id":1605,"href":"https:\/\/perluette.xyz\/index.php\/wp-json\/wp\/v2\/posts\/1600\/revisions\/1605"}],"wp:attachment":[{"href":"https:\/\/perluette.xyz\/index.php\/wp-json\/wp\/v2\/media?parent=1600"}],"wp:term":[{"taxonomy":"category","embeddable":true,"href":"https:\/\/perluette.xyz\/index.php\/wp-json\/wp\/v2\/categories?post=1600"},{"taxonomy":"post_tag","embeddable":true,"href":"https:\/\/perluette.xyz\/index.php\/wp-json\/wp\/v2\/tags?post=1600"}],"curies":[{"name":"wp","href":"https:\/\/api.w.org\/{rel}","templated":true}]}}