{"id":1646,"date":"2022-07-24T13:45:54","date_gmt":"2022-07-24T12:45:54","guid":{"rendered":"http:\/\/perluette.xyz\/?p=1646"},"modified":"2022-07-24T13:45:54","modified_gmt":"2022-07-24T12:45:54","slug":"expositions-aficionado-ete-2022","status":"publish","type":"post","link":"https:\/\/perluette.xyz\/index.php\/2022\/07\/24\/expositions-aficionado-ete-2022\/","title":{"rendered":"Expositions AficionADO \/ \u00e9t\u00e9 2022"},"content":{"rendered":"<p>AficionADO : \u00e0 ne pas rater \u00e0 Mons-en-Baroeul &amp; \u00e0 Faches-Thumesnil !<\/p>\n<p><strong><span style=\"color: #ff8c00; font-size: large;\">Un projet autour de\u00a0romans\u00a0ados\u00a0&amp; photographies imagin\u00e9 avec le photographe Kalimba<\/span><\/strong><strong><br \/>\n<img loading=\"lazy\" decoding=\"async\" class=\"alignleft\" src=\"https:\/\/mcusercontent.com\/a9b87f8487042014cfdf00609\/_compresseds\/aa69efb8-3f61-c01b-93a8-d6ef0aa232b6.jpg\" alt=\"\" width=\"300\" height=\"200\" align=\"left\" data-file-id=\"2158466\" data-cke-saved-src=\"https:\/\/mcusercontent.com\/a9b87f8487042014cfdf00609\/_compresseds\/aa69efb8-3f61-c01b-93a8-d6ef0aa232b6.jpg\" \/><\/strong><strong><br \/>\nJusqu&rsquo;au 6 ao\u00fbt 2022<\/strong><br \/>\n<strong>\u00e0 la Biblioth\u00e8que<br \/>\nde Mons-en-Baroeul<\/strong><br \/>\n2 rue de Normandie<br \/>\n59370 Mons-en-Baroeul<br \/>\n<u>Horaires d&rsquo;ouverture sur<br \/>\n<a href=\"https:\/\/monsenbaroeul.bibenligne.fr\/\" target=\"_blank\" rel=\"noopener noreferrer\" data-cke-saved-href=\"https:\/\/monsenbaroeul.bibenligne.fr\">monsenbaroeul.bibenligne.fr<\/a><\/u><\/p>\n<p><strong><img loading=\"lazy\" decoding=\"async\" class=\"alignleft\" src=\"https:\/\/mcusercontent.com\/a9b87f8487042014cfdf00609\/_compresseds\/b6b18779-e58d-3226-62f6-b790a4fa7207.jpg\" alt=\"\" width=\"300\" height=\"200\" align=\"left\" data-file-id=\"2158470\" data-cke-saved-src=\"https:\/\/mcusercontent.com\/a9b87f8487042014cfdf00609\/_compresseds\/b6b18779-e58d-3226-62f6-b790a4fa7207.jpg\" \/>Jusqu&rsquo;au 3 septembre 2022<\/strong><br \/>\n<strong>\u00e0 la M\u00e9diath\u00e8que Yourcenar<\/strong><br \/>\n199 Rue Carnot<br \/>\n59155 Faches-Thumesnil<br \/>\n<u>Horaires d&rsquo;ouverture sur<br \/>\n<a href=\"https:\/\/bibli.ville-fachesthumesnil.fr\/\" target=\"_blank\" rel=\"noopener noreferrer\" data-cke-saved-href=\"https:\/\/bibli.ville-fachesthumesnil.fr\">bibli.ville-fachesthumesnil.fr<\/a><\/u><br \/>\n(ferm\u00e9e du 2 au 6 ao\u00fbt 2022)<\/p>\n<div>\nPhotos des inaugurations des deux expositions AficionADO \u00a0\u00a9 Kalimba<\/div>\n","protected":false},"excerpt":{"rendered":"<p>AficionADO : \u00e0 ne pas rater \u00e0 Mons-en-Baroeul &amp; \u00e0 Faches-Thumesnil ! Un projet autour de\u00a0romans\u00a0ados\u00a0&amp; photographies imagin\u00e9 avec le photographe Kalimba Jusqu&rsquo;au 6 ao\u00fbt 2022 \u00e0 la Biblioth\u00e8que de Mons-en-Baroeul 2 rue de Normandie 59370 Mons-en-Baroeul Horaires d&rsquo;ouverture sur monsenbaroeul.bibenligne.fr Jusqu&rsquo;au 3 septembre 2022 \u00e0 la M\u00e9diath\u00e8que Yourcenar 199 Rue Carnot 59155 Faches-Thumesnil Horaires &hellip; <a href=\"https:\/\/perluette.xyz\/index.php\/2022\/07\/24\/expositions-aficionado-ete-2022\/\" class=\"more-link\">Continue reading <span class=\"screen-reader-text\">Expositions AficionADO \/ \u00e9t\u00e9 2022<\/span><\/a><\/p>\n","protected":false},"author":1,"featured_media":0,"comment_status":"open","ping_status":"open","sticky":false,"template":"","format":"standard","meta":{"footnotes":""},"categories":[3],"tags":[],"class_list":["post-1646","post","type-post","status-publish","format-standard","hentry","category-projets-perluette"],"_links":{"self":[{"href":"https:\/\/perluette.xyz\/index.php\/wp-json\/wp\/v2\/posts\/1646","targetHints":{"allow":["GET"]}}],"collection":[{"href":"https:\/\/perluette.xyz\/index.php\/wp-json\/wp\/v2\/posts"}],"about":[{"href":"https:\/\/perluette.xyz\/index.php\/wp-json\/wp\/v2\/types\/post"}],"author":[{"embeddable":true,"href":"https:\/\/perluette.xyz\/index.php\/wp-json\/wp\/v2\/users\/1"}],"replies":[{"embeddable":true,"href":"https:\/\/perluette.xyz\/index.php\/wp-json\/wp\/v2\/comments?post=1646"}],"version-history":[{"count":1,"href":"https:\/\/perluette.xyz\/index.php\/wp-json\/wp\/v2\/posts\/1646\/revisions"}],"predecessor-version":[{"id":1647,"href":"https:\/\/perluette.xyz\/index.php\/wp-json\/wp\/v2\/posts\/1646\/revisions\/1647"}],"wp:attachment":[{"href":"https:\/\/perluette.xyz\/index.php\/wp-json\/wp\/v2\/media?parent=1646"}],"wp:term":[{"taxonomy":"category","embeddable":true,"href":"https:\/\/perluette.xyz\/index.php\/wp-json\/wp\/v2\/categories?post=1646"},{"taxonomy":"post_tag","embeddable":true,"href":"https:\/\/perluette.xyz\/index.php\/wp-json\/wp\/v2\/tags?post=1646"}],"curies":[{"name":"wp","href":"https:\/\/api.w.org\/{rel}","templated":true}]}}