{"id":1648,"date":"2022-07-24T13:48:02","date_gmt":"2022-07-24T12:48:02","guid":{"rendered":"http:\/\/perluette.xyz\/?p=1648"},"modified":"2022-07-24T13:48:02","modified_gmt":"2022-07-24T12:48:02","slug":"la-rentree-avec-billy-symphony","status":"publish","type":"post","link":"https:\/\/perluette.xyz\/index.php\/2022\/07\/24\/la-rentree-avec-billy-symphony\/","title":{"rendered":"La rentr\u00e9e avec Billy Symphony"},"content":{"rendered":"<p style=\"text-align: center;\"><strong>Samedi\u00a010 septembre\u00a0\u00e0 Bresles dans l&rsquo;Oise !<\/strong><\/p>\n<div><img loading=\"lazy\" decoding=\"async\" src=\"https:\/\/mcusercontent.com\/a9b87f8487042014cfdf00609\/images\/666815aa-135e-4974-f5f1-12ecb7bc907c.jpg\" width=\"300\" height=\"421\" align=\"right\" data-file-id=\"2158482\" data-cke-saved-src=\"https:\/\/mcusercontent.com\/a9b87f8487042014cfdf00609\/images\/666815aa-135e-4974-f5f1-12ecb7bc907c.jpg\" \/><\/div>\n<div>\n<div>Billy Symphony sera la fil rouge de la 3\u00e8me \u00e9dition de <strong>La Halle aux Bulles <\/strong>organis\u00e9e par la Commune de Bresles (60).<\/p>\n<p>Retrouvez-nous dans l&rsquo;Oise<br \/>\nle samedi 10 septembre 2022<br \/>\n<strong>\u00e0 20h30\u00a0<a href=\"https:\/\/www.youtube.com\/watch?v=RN2L50r8jnI\" target=\"_blank\" rel=\"noopener noreferrer\" data-cke-saved-href=\"https:\/\/www.youtube.com\/watch?v=RN2L50r8jnI\">concert-BD Billy Symphony<\/a><\/strong><br \/>\n(Composition musicale Claire Bellamy &amp; Pierre-Yves Langlois,<br \/>\ninterpr\u00e9tation Claire Bellamy &amp; David Laisn\u00e9)<br \/>\n<strong>&amp; de 11h \u00e0 18h nombreuses propositions autour de la bande dessin\u00e9e<\/strong> (ateliers avec David P\u00e9rimony &amp; Claire Bellamy entre autres, exposition Billy Symphony&#8230;)<\/div>\n<div>\n<a href=\"https:\/\/mcusercontent.com\/a9b87f8487042014cfdf00609\/files\/f6e1fcbb-d9ec-5d04-c55e-94b7ff46e2b5\/Flyer_Halle_aux_Bulles_2022_verso.pdf\" target=\"_blank\" rel=\"noopener noreferrer\" data-cke-saved-href=\"https:\/\/mcusercontent.com\/a9b87f8487042014cfdf00609\/files\/f6e1fcbb-d9ec-5d04-c55e-94b7ff46e2b5\/Flyer_Halle_aux_Bulles_2022_verso.pdf\">Flyer \u00e0 t\u00e9l\u00e9charger ICI !<\/a><\/div>\n<div>\nVisuel de\u00a0David P\u00e9rimony pour la Halle aux Bulles 2022 \u00a0\u00a9 Bresles<\/div>\n<\/div>\n","protected":false},"excerpt":{"rendered":"<p>Samedi\u00a010 septembre\u00a0\u00e0 Bresles dans l&rsquo;Oise ! Billy Symphony sera la fil rouge de la 3\u00e8me \u00e9dition de La Halle aux Bulles organis\u00e9e par la Commune de Bresles (60). Retrouvez-nous dans l&rsquo;Oise le samedi 10 septembre 2022 \u00e0 20h30\u00a0concert-BD Billy Symphony (Composition musicale Claire Bellamy &amp; Pierre-Yves Langlois, interpr\u00e9tation Claire Bellamy &amp; David Laisn\u00e9) &amp; de &hellip; <a href=\"https:\/\/perluette.xyz\/index.php\/2022\/07\/24\/la-rentree-avec-billy-symphony\/\" class=\"more-link\">Continue reading <span class=\"screen-reader-text\">La rentr\u00e9e avec Billy Symphony<\/span><\/a><\/p>\n","protected":false},"author":1,"featured_media":0,"comment_status":"open","ping_status":"open","sticky":false,"template":"","format":"standard","meta":{"footnotes":""},"categories":[4],"tags":[307,412,308,411],"class_list":["post-1648","post","type-post","status-publish","format-standard","hentry","category-autres-projets","tag-billy-symphony","tag-bresles","tag-david-perimony","tag-halle-aux-bulles"],"_links":{"self":[{"href":"https:\/\/perluette.xyz\/index.php\/wp-json\/wp\/v2\/posts\/1648","targetHints":{"allow":["GET"]}}],"collection":[{"href":"https:\/\/perluette.xyz\/index.php\/wp-json\/wp\/v2\/posts"}],"about":[{"href":"https:\/\/perluette.xyz\/index.php\/wp-json\/wp\/v2\/types\/post"}],"author":[{"embeddable":true,"href":"https:\/\/perluette.xyz\/index.php\/wp-json\/wp\/v2\/users\/1"}],"replies":[{"embeddable":true,"href":"https:\/\/perluette.xyz\/index.php\/wp-json\/wp\/v2\/comments?post=1648"}],"version-history":[{"count":1,"href":"https:\/\/perluette.xyz\/index.php\/wp-json\/wp\/v2\/posts\/1648\/revisions"}],"predecessor-version":[{"id":1649,"href":"https:\/\/perluette.xyz\/index.php\/wp-json\/wp\/v2\/posts\/1648\/revisions\/1649"}],"wp:attachment":[{"href":"https:\/\/perluette.xyz\/index.php\/wp-json\/wp\/v2\/media?parent=1648"}],"wp:term":[{"taxonomy":"category","embeddable":true,"href":"https:\/\/perluette.xyz\/index.php\/wp-json\/wp\/v2\/categories?post=1648"},{"taxonomy":"post_tag","embeddable":true,"href":"https:\/\/perluette.xyz\/index.php\/wp-json\/wp\/v2\/tags?post=1648"}],"curies":[{"name":"wp","href":"https:\/\/api.w.org\/{rel}","templated":true}]}}