{"id":1702,"date":"2025-09-01T14:58:45","date_gmt":"2025-09-01T13:58:45","guid":{"rendered":"https:\/\/perluette.xyz\/?p=1702"},"modified":"2025-09-01T15:01:25","modified_gmt":"2025-09-01T14:01:25","slug":"perluette-desormais-sur-instagram","status":"publish","type":"post","link":"https:\/\/perluette.xyz\/index.php\/2025\/09\/01\/perluette-desormais-sur-instagram\/","title":{"rendered":"Perluette sur Instagram depuis 2023 !"},"content":{"rendered":"\n<p>Ce blog n&rsquo;est plus \u00e0 jour depuis fin 2022.<\/p>\n\n\n\n<p>N&rsquo;allez pas croire que Perluette ne m\u00e8ne plus de projets ; au contraire, les propositions de l&rsquo;association autour de la litt\u00e9rature jeunesse sont toujours de plus en plus riches &amp; nombreuses.<\/p>\n\n\n\n<p>Retrouvez donc nos projets depuis 2023 sur notre compte Instagram :<\/p>\n\n\n\n<p><a href=\"https:\/\/www.instagram.com\/perluette_litterature_jeunesse\/\">https:\/\/www.instagram.com\/perluette_litterature_jeunesse\/<\/a><\/p>\n","protected":false},"excerpt":{"rendered":"<p>Ce blog n&rsquo;est plus \u00e0 jour depuis fin 2022. N&rsquo;allez pas croire que Perluette ne m\u00e8ne plus de projets ; au contraire, les propositions de l&rsquo;association autour de la litt\u00e9rature jeunesse sont toujours de plus en plus riches &amp; nombreuses. Retrouvez donc nos projets depuis 2023 sur notre compte Instagram : https:\/\/www.instagram.com\/perluette_litterature_jeunesse\/<\/p>\n","protected":false},"author":1,"featured_media":0,"comment_status":"open","ping_status":"open","sticky":false,"template":"","format":"standard","meta":{"footnotes":""},"categories":[3],"tags":[416,21,79,424,418,313,420,310,414,425,357,36,413,138,415,423,422,421,326,417,419],"class_list":["post-1702","post","type-post","status-publish","format-standard","hentry","category-projets-perluette","tag-albums-jeunesse","tag-ateliers","tag-auteurs","tag-autrices","tag-bandes-dessinee","tag-bd-muette","tag-circo-bd","tag-concert-bd","tag-coordination","tag-illustrateurs","tag-illustratrices","tag-lectures","tag-litterature-jeunesse-2","tag-livres","tag-ludiques","tag-nord","tag-orchies","tag-performance","tag-projets","tag-romans-ado","tag-spectacles"],"_links":{"self":[{"href":"https:\/\/perluette.xyz\/index.php\/wp-json\/wp\/v2\/posts\/1702","targetHints":{"allow":["GET"]}}],"collection":[{"href":"https:\/\/perluette.xyz\/index.php\/wp-json\/wp\/v2\/posts"}],"about":[{"href":"https:\/\/perluette.xyz\/index.php\/wp-json\/wp\/v2\/types\/post"}],"author":[{"embeddable":true,"href":"https:\/\/perluette.xyz\/index.php\/wp-json\/wp\/v2\/users\/1"}],"replies":[{"embeddable":true,"href":"https:\/\/perluette.xyz\/index.php\/wp-json\/wp\/v2\/comments?post=1702"}],"version-history":[{"count":2,"href":"https:\/\/perluette.xyz\/index.php\/wp-json\/wp\/v2\/posts\/1702\/revisions"}],"predecessor-version":[{"id":1704,"href":"https:\/\/perluette.xyz\/index.php\/wp-json\/wp\/v2\/posts\/1702\/revisions\/1704"}],"wp:attachment":[{"href":"https:\/\/perluette.xyz\/index.php\/wp-json\/wp\/v2\/media?parent=1702"}],"wp:term":[{"taxonomy":"category","embeddable":true,"href":"https:\/\/perluette.xyz\/index.php\/wp-json\/wp\/v2\/categories?post=1702"},{"taxonomy":"post_tag","embeddable":true,"href":"https:\/\/perluette.xyz\/index.php\/wp-json\/wp\/v2\/tags?post=1702"}],"curies":[{"name":"wp","href":"https:\/\/api.w.org\/{rel}","templated":true}]}}