{"id":285,"date":"2016-11-07T14:39:58","date_gmt":"2016-11-07T13:39:58","guid":{"rendered":"http:\/\/perluette.xyz\/?p=285"},"modified":"2016-11-07T14:42:32","modified_gmt":"2016-11-07T13:42:32","slug":"salon-animalivre-le-24-novembre-2016-a-hellemmes","status":"publish","type":"post","link":"https:\/\/perluette.xyz\/index.php\/2016\/11\/07\/salon-animalivre-le-24-novembre-2016-a-hellemmes\/","title":{"rendered":"Perluette au Salon ANIMALIVRE le 24 novembre 2016 \u00e0 Hellemmes"},"content":{"rendered":"<p><img loading=\"lazy\" decoding=\"async\" class=\"alignleft wp-image-287 size-full\" src=\"https:\/\/perluette.xyz\/wp-content\/uploads\/2016\/11\/Salon_Animalivre_24novembre2016.jpg\" alt=\"\" width=\"298\" height=\"842\" srcset=\"https:\/\/perluette.xyz\/wp-content\/uploads\/2016\/11\/Salon_Animalivre_24novembre2016.jpg 298w, https:\/\/perluette.xyz\/wp-content\/uploads\/2016\/11\/Salon_Animalivre_24novembre2016-106x300.jpg 106w, https:\/\/perluette.xyz\/wp-content\/uploads\/2016\/11\/Salon_Animalivre_24novembre2016-38x108.jpg 38w\" sizes=\"auto, (max-width: 298px) 100vw, 298px\" \/><\/p>\n<p>En tant que membre du <a href=\"https:\/\/bloganimalivre.wordpress.com\/\" target=\"_blank\">Collectif Animalivre<\/a>, Perluette participe \u00e0 l&rsquo;organisation du <strong>Salon ANIMALIVRE, Journ\u00e9e de rencontres et d\u2019\u00e9changes autour du livre jeunesse.<\/strong><\/p>\n<p>&nbsp;<\/p>\n<p>L&rsquo;Association y tiendra un stand d&rsquo;informations autour de ses activit\u00e9s, ainsi qu&rsquo;une s\u00e9lection d&rsquo;albums autour de la th\u00e9matique des livres, aux c\u00f4t\u00e9s de nombreux autres projets dont l&rsquo;objectif commun est de <strong>faire du livre un objet de d\u00e9couverte &amp; de plaisir avec une grande diversit\u00e9 d\u2019approches et de pratiques. <\/strong>Animalivre est un collectif d\u2019associations m\u00e9diatrices du livre, de passeurs d\u2019histoires, d\u2019animateurs, de biblioth\u00e9caires engag\u00e9s, de b\u00e9n\u00e9voles passionn\u00e9s \u2026<\/p>\n<p>&nbsp;<\/p>\n<p>La journ\u00e9e du 24 novembre \u00e0 Hellemmes est ouverte \u00e0 tous pour faire conna\u00eetre ce r\u00e9seau riche et dynamique, des structures ressources qui proposent des formes de m\u00e9diation les plus diversifi\u00e9es, souvent originales et innovantes.<\/p>\n<p>Alimentons dans le Nord une dynamique autour du livre de jeunesse en provoquant les rencontres, des \u00e9changes qui feront na\u00eetre des projets &amp; des partenariats enjou\u00e9s !<\/p>\n<p>&nbsp;<\/p>\n<p style=\"text-align: right;\"><a href=\"https:\/\/perluette.xyz\/wp-content\/uploads\/2016\/11\/Salon_Animalivre_24novembre2016_Hellemmes.pdf\" rel=\"\">T\u00e9l\u00e9chargez le flyer du Salon (visuel Magali Dulain)<\/a><\/p>\n<p style=\"text-align: right;\"><a href=\"https:\/\/perluette.xyz\/wp-content\/uploads\/2016\/11\/Salon_Animalivre_24novembre2016_Hellemmes.pdf\" rel=\"\">pour le diffuser sans mod\u00e9ration !<\/a><\/p>\n","protected":false},"excerpt":{"rendered":"<p>En tant que membre du Collectif Animalivre, Perluette participe \u00e0 l&rsquo;organisation du Salon ANIMALIVRE, Journ\u00e9e de rencontres et d\u2019\u00e9changes autour du livre jeunesse. &nbsp; L&rsquo;Association y tiendra un stand d&rsquo;informations autour de ses activit\u00e9s, ainsi qu&rsquo;une s\u00e9lection d&rsquo;albums autour de la th\u00e9matique des livres, aux c\u00f4t\u00e9s de nombreux autres projets dont l&rsquo;objectif commun est de &hellip; <a href=\"https:\/\/perluette.xyz\/index.php\/2016\/11\/07\/salon-animalivre-le-24-novembre-2016-a-hellemmes\/\" class=\"more-link\">Continue reading <span class=\"screen-reader-text\">Perluette au Salon ANIMALIVRE le 24 novembre 2016 \u00e0 Hellemmes<\/span><\/a><\/p>\n","protected":false},"author":1,"featured_media":0,"comment_status":"open","ping_status":"open","sticky":false,"template":"","format":"standard","meta":{"footnotes":""},"categories":[4],"tags":[46,42,31,34,39,21,43,44,8,41,33,45,36,35,40,37,32,38],"class_list":["post-285","post","type-post","status-publish","format-standard","hentry","category-autres-projets","tag-acacias","tag-albums","tag-animalibre","tag-animation","tag-associations","tag-ateliers","tag-bd","tag-ecriture","tag-hellemmes","tag-histoires","tag-journee-professionnelle","tag-lecture-a-voix-haute","tag-lectures","tag-livres-jeunesses","tag-mediation","tag-presentations","tag-salon","tag-stands"],"_links":{"self":[{"href":"https:\/\/perluette.xyz\/index.php\/wp-json\/wp\/v2\/posts\/285","targetHints":{"allow":["GET"]}}],"collection":[{"href":"https:\/\/perluette.xyz\/index.php\/wp-json\/wp\/v2\/posts"}],"about":[{"href":"https:\/\/perluette.xyz\/index.php\/wp-json\/wp\/v2\/types\/post"}],"author":[{"embeddable":true,"href":"https:\/\/perluette.xyz\/index.php\/wp-json\/wp\/v2\/users\/1"}],"replies":[{"embeddable":true,"href":"https:\/\/perluette.xyz\/index.php\/wp-json\/wp\/v2\/comments?post=285"}],"version-history":[{"count":3,"href":"https:\/\/perluette.xyz\/index.php\/wp-json\/wp\/v2\/posts\/285\/revisions"}],"predecessor-version":[{"id":291,"href":"https:\/\/perluette.xyz\/index.php\/wp-json\/wp\/v2\/posts\/285\/revisions\/291"}],"wp:attachment":[{"href":"https:\/\/perluette.xyz\/index.php\/wp-json\/wp\/v2\/media?parent=285"}],"wp:term":[{"taxonomy":"category","embeddable":true,"href":"https:\/\/perluette.xyz\/index.php\/wp-json\/wp\/v2\/categories?post=285"},{"taxonomy":"post_tag","embeddable":true,"href":"https:\/\/perluette.xyz\/index.php\/wp-json\/wp\/v2\/tags?post=285"}],"curies":[{"name":"wp","href":"https:\/\/api.w.org\/{rel}","templated":true}]}}