{"id":372,"date":"2017-03-28T10:00:14","date_gmt":"2017-03-28T09:00:14","guid":{"rendered":"http:\/\/perluette.xyz\/?p=372"},"modified":"2017-03-28T10:04:37","modified_gmt":"2017-03-28T09:04:37","slug":"decouvrez-comme-vous-ne-les-avez-jamais-lus-des-petits-chaperons-pas-toujours-rouges-quelques-cendrillons-modernes-des-trios-dours-de-cochons-tant-dautres","status":"publish","type":"post","link":"https:\/\/perluette.xyz\/index.php\/2017\/03\/28\/decouvrez-comme-vous-ne-les-avez-jamais-lus-des-petits-chaperons-pas-toujours-rouges-quelques-cendrillons-modernes-des-trios-dours-de-cochons-tant-dautres\/","title":{"rendered":"D\u00e9couvrez comme vous ne les avez jamais lus des petits chaperons pas toujours rouges, quelques Cendrillons modernes, des trios d&rsquo;ours &#038; de cochons, &#038; tant d&rsquo;autres !"},"content":{"rendered":"<p>Le premier appel \u00e0 \u00e9criture cr\u00e9ative de Perluette autour du d\u00e9tournement de contes \u00e0 l&rsquo;heure des changements environnementaux se termine aujourd&rsquo;hui &#8211; 28 mars 2017 !<\/p>\n<p>D\u00e9couvrez les premiers contes d\u00e9tourn\u00e9s d\u00e9j\u00e0 re\u00e7us <a href=\"https:\/\/perluette.xyz\/index.php\/appels-a-ecriture-creative-2\/appels-a-ecriture-creative\/\" target=\"_blank\">en cliquant ICI<\/a> &#8211; d&rsquo;autres seront publi\u00e9s prochainement.<\/p>\n<p>Ce projet s&rsquo;inscrit dans le cadre de la semaine de <strong>Perluette au Polder, du 3 au 8 avril 2017<\/strong> \/ <a href=\"https:\/\/perluette.xyz\/wp-content\/uploads\/2017\/03\/Programme-Perluette-au-Polder_3-8avril2017.pdf\" target=\"_blank\">programme \u00e0 t\u00e9l\u00e9charger l\u00e0<\/a> &#8211; entr\u00e9e libre &amp; sans r\u00e9servation !<\/p>\n<p><em>Merci \u00e0 Agn\u00e8s Debacker pour sa confiance &amp; son implication dans ce projet, aux Amis du Polder pour leur soutien, au Polder &#8211; caf\u00e9 des initiatives citoyennes et solidaires pour son accueil.<\/em><\/p>\n<p><em>[Perluette au Polder s&rsquo;inscrit aussi dans le cadre d&rsquo;Histoire d&rsquo;en lire hors les murs. Retrouvez le <a href=\"http:\/\/www.hellemmes.fr\/Evenements\/Histoire-d-en-lire-Du-24-3-au-6-4\" target=\"_blank\">programme d&rsquo;Histoire d&rsquo;en lire<\/a> propos\u00e9 par le Plan Lecture de la Commune d&rsquo;Hellemmes aux Acacias jusqu&rsquo;au 6 avril &#8211; une belle occasion de d\u00e9couvrir le joli travail de C\u00e9cile Gambini, auteure-illustratrice jeunesse.]<\/em><\/p>\n","protected":false},"excerpt":{"rendered":"<p>Le premier appel \u00e0 \u00e9criture cr\u00e9ative de Perluette autour du d\u00e9tournement de contes \u00e0 l&rsquo;heure des changements environnementaux se termine aujourd&rsquo;hui &#8211; 28 mars 2017 ! D\u00e9couvrez les premiers contes d\u00e9tourn\u00e9s d\u00e9j\u00e0 re\u00e7us en cliquant ICI &#8211; d&rsquo;autres seront publi\u00e9s prochainement. Ce projet s&rsquo;inscrit dans le cadre de la semaine de Perluette au Polder, du &hellip; <a href=\"https:\/\/perluette.xyz\/index.php\/2017\/03\/28\/decouvrez-comme-vous-ne-les-avez-jamais-lus-des-petits-chaperons-pas-toujours-rouges-quelques-cendrillons-modernes-des-trios-dours-de-cochons-tant-dautres\/\" class=\"more-link\">Continue reading <span class=\"screen-reader-text\">D\u00e9couvrez comme vous ne les avez jamais lus des petits chaperons pas toujours rouges, quelques Cendrillons modernes, des trios d&rsquo;ours &#038; de cochons, &#038; tant d&rsquo;autres !<\/span><\/a><\/p>\n","protected":false},"author":1,"featured_media":0,"comment_status":"open","ping_status":"open","sticky":false,"template":"","format":"standard","meta":{"footnotes":""},"categories":[3],"tags":[74,73,50,79,76,72,71,69,70,44,78,77,8,75,20],"class_list":["post-372","post","type-post","status-publish","format-standard","hentry","category-projets-perluette","tag-3-cochons","tag-3-ours","tag-agnes-debacker","tag-auteurs","tag-blanche-neige","tag-cendrillon","tag-chaperon-rouge","tag-contes","tag-contes-detournes","tag-ecriture","tag-grimm","tag-hansel-gretel","tag-hellemmes","tag-jacques-haricot-magique","tag-polder"],"_links":{"self":[{"href":"https:\/\/perluette.xyz\/index.php\/wp-json\/wp\/v2\/posts\/372","targetHints":{"allow":["GET"]}}],"collection":[{"href":"https:\/\/perluette.xyz\/index.php\/wp-json\/wp\/v2\/posts"}],"about":[{"href":"https:\/\/perluette.xyz\/index.php\/wp-json\/wp\/v2\/types\/post"}],"author":[{"embeddable":true,"href":"https:\/\/perluette.xyz\/index.php\/wp-json\/wp\/v2\/users\/1"}],"replies":[{"embeddable":true,"href":"https:\/\/perluette.xyz\/index.php\/wp-json\/wp\/v2\/comments?post=372"}],"version-history":[{"count":3,"href":"https:\/\/perluette.xyz\/index.php\/wp-json\/wp\/v2\/posts\/372\/revisions"}],"predecessor-version":[{"id":376,"href":"https:\/\/perluette.xyz\/index.php\/wp-json\/wp\/v2\/posts\/372\/revisions\/376"}],"wp:attachment":[{"href":"https:\/\/perluette.xyz\/index.php\/wp-json\/wp\/v2\/media?parent=372"}],"wp:term":[{"taxonomy":"category","embeddable":true,"href":"https:\/\/perluette.xyz\/index.php\/wp-json\/wp\/v2\/categories?post=372"},{"taxonomy":"post_tag","embeddable":true,"href":"https:\/\/perluette.xyz\/index.php\/wp-json\/wp\/v2\/tags?post=372"}],"curies":[{"name":"wp","href":"https:\/\/api.w.org\/{rel}","templated":true}]}}