{"id":385,"date":"2017-04-03T23:09:34","date_gmt":"2017-04-03T22:09:34","guid":{"rendered":"http:\/\/perluette.xyz\/?p=385"},"modified":"2017-04-03T23:10:54","modified_gmt":"2017-04-03T22:10:54","slug":"lectures-rencontres-dauteurs-au-polder","status":"publish","type":"post","link":"https:\/\/perluette.xyz\/index.php\/2017\/04\/03\/lectures-rencontres-dauteurs-au-polder\/","title":{"rendered":"Lectures &#038; rencontres d&rsquo;auteurs au Polder"},"content":{"rendered":"<p>Dans le cadre de <strong>Perluette au Polder, du 3 au 8 avril 2017<\/strong> [<a href=\"https:\/\/perluette.xyz\/wp-content\/uploads\/2017\/01\/Programme-Perluette-au-Polder_3-8avril2017.pdf\" target=\"_blank\">programme \u00e0 t\u00e9l\u00e9charger<\/a>], venez rencontrer :<\/p>\n<ul>\n<li><strong>Agn\u00e8s Debacker<\/strong>, auteure de romans jeunesse le <u>mardi 4 avril \u00e0 18h<\/u> pour des lectures de contes d\u00e9tourn\u00e9s (re\u00e7us dans le cadre de l\u2019<a href=\"https:\/\/perluette.xyz\/index.php\/appels-a-ecriture-creative-2\/appels-a-ecriture-creative\/\">appel \u00e0 \u00e9criture lanc\u00e9 par Perluette<\/a>);<\/li>\n<\/ul>\n<ul>\n<li><strong>Patrick Eillum<\/strong>, auteur lillois le <u>mercredi 5 avril \u00e0 19h<\/u> pour le lancement, les lectures &amp; d\u00e9dicace de <em>Contes Grimm-\u00e9s<img loading=\"lazy\" decoding=\"async\" class=\"size-medium wp-image-386 alignright\" src=\"https:\/\/perluette.xyz\/wp-content\/uploads\/2017\/04\/Patrick-Eillum-261x300.jpg\" alt=\"\" width=\"261\" height=\"300\" srcset=\"https:\/\/perluette.xyz\/wp-content\/uploads\/2017\/04\/Patrick-Eillum-261x300.jpg 261w, https:\/\/perluette.xyz\/wp-content\/uploads\/2017\/04\/Patrick-Eillum-768x882.jpg 768w, https:\/\/perluette.xyz\/wp-content\/uploads\/2017\/04\/Patrick-Eillum-892x1024.jpg 892w, https:\/\/perluette.xyz\/wp-content\/uploads\/2017\/04\/Patrick-Eillum-863x991.jpg 863w, https:\/\/perluette.xyz\/wp-content\/uploads\/2017\/04\/Patrick-Eillum-94x108.jpg 94w, https:\/\/perluette.xyz\/wp-content\/uploads\/2017\/04\/Patrick-Eillum.jpg 1744w\" sizes=\"auto, (max-width: 261px) 100vw, 261px\" \/><\/em><\/li>\n<\/ul>\n<p>Patrick Eillum a d\u00e9j\u00e0 \u00e9crit &amp; auto\u00e9dit\u00e9 deux recueils de nouvelles, <em>Le dernier homme sur terre se d\u00e9place \u00e0 v\u00e9lo<\/em> &amp; <em>A bicyclette, ma ville est \u00e9trange<\/em>, introduisant la bicyclette dans l&rsquo;univers de la SF, deux domaines a priori antinomiques.<\/p>\n<p>Avec <em>Contes Grimm-\u00e9s<\/em>, il explore l&rsquo;univers des contes de Grimm, \u00e0 partir de t\u00e9moignages d&rsquo;habitants de son quartier mais aussi de ses proches, observ\u00e9 les peurs et les espoirs en ce d\u00e9but de XXI\u00e8me si\u00e8cle avec toujours la petite reine en filigrane. Ainsi, Cendrillon plut\u00f4t que rechercher l&rsquo;amour du prince charmant pr\u00e9f\u00e8rera se pr\u00e9senter \u00e0 un concours de Miss, le petit chaperon rouge, profitant d&rsquo;une partie de pok\u00e9mon-go rencontrera un djihadiste, le joueur de fl\u00fbte de Hamelin est un cycliste qui sauvera la ville des ses envahisseurs automobiles, &#8230;<\/p>\n<p>[<em>Ma Ch\u00e8re Alice<\/em> &amp; <em>Le Jour d\u2019Igor<\/em> d&rsquo;Agn\u00e8s Debacker ainsi que <em>Contes Grimm-\u00e9s<\/em> de Patrick Eillum sont en vente au Polder jusqu\u2019au 8 avril\u00a0!]<\/p>\n<p><u>A noter aussi dans votre agenda des<strong> LECTURES POUR LES ENFANTS<\/strong> accompagn\u00e9s de leurs parents le <strong>mercredi 5 avril 2017<\/strong>:<\/u><u>\u00a0<\/u><\/p>\n<p>&#8211; <strong><u>\u00e0 16h<\/u><\/strong>\u00a0: albums pour les moins de 6 ans<\/p>\n<p>&#8211; <strong><u>\u00e0 17h30<\/u><\/strong>\u00a0: contes d\u00e9tourn\u00e9s pour les plus de 6 ans<\/p>\n<p>Lectures concoct\u00e9es par Anne-Marie Damiens, lectrice b\u00e9n\u00e9vole \u00e0 Lis avec moi (avec la complicit\u00e9 d\u2019Annick Damiens, lectrice \u00e0 Brouillons de Culture).<\/p>\n","protected":false},"excerpt":{"rendered":"<p>Dans le cadre de Perluette au Polder, du 3 au 8 avril 2017 [programme \u00e0 t\u00e9l\u00e9charger], venez rencontrer : Agn\u00e8s Debacker, auteure de romans jeunesse le mardi 4 avril \u00e0 18h pour des lectures de contes d\u00e9tourn\u00e9s (re\u00e7us dans le cadre de l\u2019appel \u00e0 \u00e9criture lanc\u00e9 par Perluette); Patrick Eillum, auteur lillois le mercredi 5 &hellip; <a href=\"https:\/\/perluette.xyz\/index.php\/2017\/04\/03\/lectures-rencontres-dauteurs-au-polder\/\" class=\"more-link\">Continue reading <span class=\"screen-reader-text\">Lectures &#038; rencontres d&rsquo;auteurs au Polder<\/span><\/a><\/p>\n","protected":false},"author":1,"featured_media":0,"comment_status":"open","ping_status":"open","sticky":false,"template":"","format":"standard","meta":{"footnotes":""},"categories":[3],"tags":[50,69,70,36,80,20],"class_list":["post-385","post","type-post","status-publish","format-standard","hentry","category-projets-perluette","tag-agnes-debacker","tag-contes","tag-contes-detournes","tag-lectures","tag-patrick-eillum","tag-polder"],"_links":{"self":[{"href":"https:\/\/perluette.xyz\/index.php\/wp-json\/wp\/v2\/posts\/385","targetHints":{"allow":["GET"]}}],"collection":[{"href":"https:\/\/perluette.xyz\/index.php\/wp-json\/wp\/v2\/posts"}],"about":[{"href":"https:\/\/perluette.xyz\/index.php\/wp-json\/wp\/v2\/types\/post"}],"author":[{"embeddable":true,"href":"https:\/\/perluette.xyz\/index.php\/wp-json\/wp\/v2\/users\/1"}],"replies":[{"embeddable":true,"href":"https:\/\/perluette.xyz\/index.php\/wp-json\/wp\/v2\/comments?post=385"}],"version-history":[{"count":2,"href":"https:\/\/perluette.xyz\/index.php\/wp-json\/wp\/v2\/posts\/385\/revisions"}],"predecessor-version":[{"id":388,"href":"https:\/\/perluette.xyz\/index.php\/wp-json\/wp\/v2\/posts\/385\/revisions\/388"}],"wp:attachment":[{"href":"https:\/\/perluette.xyz\/index.php\/wp-json\/wp\/v2\/media?parent=385"}],"wp:term":[{"taxonomy":"category","embeddable":true,"href":"https:\/\/perluette.xyz\/index.php\/wp-json\/wp\/v2\/categories?post=385"},{"taxonomy":"post_tag","embeddable":true,"href":"https:\/\/perluette.xyz\/index.php\/wp-json\/wp\/v2\/tags?post=385"}],"curies":[{"name":"wp","href":"https:\/\/api.w.org\/{rel}","templated":true}]}}