{"id":470,"date":"2017-07-20T23:23:46","date_gmt":"2017-07-20T22:23:46","guid":{"rendered":"http:\/\/perluette.xyz\/?p=470"},"modified":"2017-07-20T23:26:57","modified_gmt":"2017-07-20T22:26:57","slug":"des-ateliers-en-ville-une-exposition-en-gare-partir-en-livre-a-lille","status":"publish","type":"post","link":"https:\/\/perluette.xyz\/index.php\/2017\/07\/20\/des-ateliers-en-ville-une-exposition-en-gare-partir-en-livre-a-lille\/","title":{"rendered":"Des ateliers en ville, une exposition en gare, &#8230; Partir en livre \u00e0 Lille"},"content":{"rendered":"<figure id=\"attachment_471\" aria-describedby=\"caption-attachment-471\" style=\"width: 300px\" class=\"wp-caption alignright\"><img loading=\"lazy\" decoding=\"async\" class=\"size-medium wp-image-471\" src=\"https:\/\/perluette.xyz\/wp-content\/uploads\/2017\/07\/atelier_19juillet17matin\u00aeAmin-TOULORS-PERLUETTE-0222-300x200.jpg\" alt=\"\" width=\"300\" height=\"200\" srcset=\"https:\/\/perluette.xyz\/wp-content\/uploads\/2017\/07\/atelier_19juillet17matin\u00aeAmin-TOULORS-PERLUETTE-0222-300x200.jpg 300w, https:\/\/perluette.xyz\/wp-content\/uploads\/2017\/07\/atelier_19juillet17matin\u00aeAmin-TOULORS-PERLUETTE-0222-768x513.jpg 768w, https:\/\/perluette.xyz\/wp-content\/uploads\/2017\/07\/atelier_19juillet17matin\u00aeAmin-TOULORS-PERLUETTE-0222-1024x683.jpg 1024w, https:\/\/perluette.xyz\/wp-content\/uploads\/2017\/07\/atelier_19juillet17matin\u00aeAmin-TOULORS-PERLUETTE-0222-863x576.jpg 863w, https:\/\/perluette.xyz\/wp-content\/uploads\/2017\/07\/atelier_19juillet17matin\u00aeAmin-TOULORS-PERLUETTE-0222-162x108.jpg 162w\" sizes=\"auto, (max-width: 300px) 100vw, 300px\" \/><figcaption id=\"caption-attachment-471\" class=\"wp-caption-text\">Atelier Waii-Waii 19 juillet 2017 \/ Photo Amin Toulors pour Perluette<\/figcaption><\/figure>\n<figure id=\"attachment_472\" aria-describedby=\"caption-attachment-472\" style=\"width: 300px\" class=\"wp-caption alignleft\"><img loading=\"lazy\" decoding=\"async\" class=\"size-medium wp-image-472\" src=\"https:\/\/perluette.xyz\/wp-content\/uploads\/2017\/07\/PEL_atelier_19juillet17matin\u00aeAmin-TOULORS-PERLUETTE-0232-300x200.jpg\" alt=\"\" width=\"300\" height=\"200\" srcset=\"https:\/\/perluette.xyz\/wp-content\/uploads\/2017\/07\/PEL_atelier_19juillet17matin\u00aeAmin-TOULORS-PERLUETTE-0232-300x200.jpg 300w, https:\/\/perluette.xyz\/wp-content\/uploads\/2017\/07\/PEL_atelier_19juillet17matin\u00aeAmin-TOULORS-PERLUETTE-0232-768x513.jpg 768w, https:\/\/perluette.xyz\/wp-content\/uploads\/2017\/07\/PEL_atelier_19juillet17matin\u00aeAmin-TOULORS-PERLUETTE-0232-1024x683.jpg 1024w, https:\/\/perluette.xyz\/wp-content\/uploads\/2017\/07\/PEL_atelier_19juillet17matin\u00aeAmin-TOULORS-PERLUETTE-0232-863x576.jpg 863w, https:\/\/perluette.xyz\/wp-content\/uploads\/2017\/07\/PEL_atelier_19juillet17matin\u00aeAmin-TOULORS-PERLUETTE-0232-162x108.jpg 162w\" sizes=\"auto, (max-width: 300px) 100vw, 300px\" \/><figcaption id=\"caption-attachment-472\" class=\"wp-caption-text\">Atelier Waii-Waii 19 juillet 2017 \/ Photo Amin Toulors pour Perluette<\/figcaption><\/figure>\n<p>Des jeunes qui participent \u00e0 l&rsquo;oeuvre de l&rsquo;illustratrice Waii-Waii dans l&rsquo;espace public (quartier Euralille), des enfants qui construisent collectivement un leporello grand format sous la conduite de l&rsquo;architecte B\u00e9n\u00e9dicte Maerten au WAAO, une exposition de dessins de\u00a0 six gares des Hauts-de-France par l&rsquo;illustrateur Didier Cornille \u00e0 Lille Europe (hall 3 vitres int\u00e9rieures) &amp; une librairie jeunesse \u00e9ph\u00e9m\u00e8re autour de la ville propos\u00e9e par La Lison au WAAO&#8230; vous voil\u00e0 partis en livres, partis en villes avec Perluette !<\/p>\n<figure id=\"attachment_473\" aria-describedby=\"caption-attachment-473\" style=\"width: 300px\" class=\"wp-caption alignleft\"><img loading=\"lazy\" decoding=\"async\" class=\"size-medium wp-image-473\" src=\"https:\/\/perluette.xyz\/wp-content\/uploads\/2017\/07\/atelier_Tickets-Ville_19juillet17\u00aeAmin-TOULORS-PERLUETTE-0439-300x200.jpg\" alt=\"\" width=\"300\" height=\"200\" srcset=\"https:\/\/perluette.xyz\/wp-content\/uploads\/2017\/07\/atelier_Tickets-Ville_19juillet17\u00aeAmin-TOULORS-PERLUETTE-0439-300x200.jpg 300w, https:\/\/perluette.xyz\/wp-content\/uploads\/2017\/07\/atelier_Tickets-Ville_19juillet17\u00aeAmin-TOULORS-PERLUETTE-0439-768x513.jpg 768w, https:\/\/perluette.xyz\/wp-content\/uploads\/2017\/07\/atelier_Tickets-Ville_19juillet17\u00aeAmin-TOULORS-PERLUETTE-0439-1024x683.jpg 1024w, https:\/\/perluette.xyz\/wp-content\/uploads\/2017\/07\/atelier_Tickets-Ville_19juillet17\u00aeAmin-TOULORS-PERLUETTE-0439-863x576.jpg 863w, https:\/\/perluette.xyz\/wp-content\/uploads\/2017\/07\/atelier_Tickets-Ville_19juillet17\u00aeAmin-TOULORS-PERLUETTE-0439-162x108.jpg 162w\" sizes=\"auto, (max-width: 300px) 100vw, 300px\" \/><figcaption id=\"caption-attachment-473\" class=\"wp-caption-text\">Atelier B\u00e9n\u00e9dicte Maerten au WAAO 19 juillet 2017 \/ Photo Amin Toulors pour Perluette<\/figcaption><\/figure>\n<figure id=\"attachment_474\" aria-describedby=\"caption-attachment-474\" style=\"width: 300px\" class=\"wp-caption alignright\"><img loading=\"lazy\" decoding=\"async\" class=\"size-medium wp-image-474\" src=\"https:\/\/perluette.xyz\/wp-content\/uploads\/2017\/07\/leporello_atelier_Tickets-Ville_19juillet17\u00aeAmin-TOULORS-PERLUETTE-0634-300x200.jpg\" alt=\"\" width=\"300\" height=\"200\" srcset=\"https:\/\/perluette.xyz\/wp-content\/uploads\/2017\/07\/leporello_atelier_Tickets-Ville_19juillet17\u00aeAmin-TOULORS-PERLUETTE-0634-300x200.jpg 300w, https:\/\/perluette.xyz\/wp-content\/uploads\/2017\/07\/leporello_atelier_Tickets-Ville_19juillet17\u00aeAmin-TOULORS-PERLUETTE-0634-768x513.jpg 768w, https:\/\/perluette.xyz\/wp-content\/uploads\/2017\/07\/leporello_atelier_Tickets-Ville_19juillet17\u00aeAmin-TOULORS-PERLUETTE-0634-1024x683.jpg 1024w, https:\/\/perluette.xyz\/wp-content\/uploads\/2017\/07\/leporello_atelier_Tickets-Ville_19juillet17\u00aeAmin-TOULORS-PERLUETTE-0634-863x576.jpg 863w, https:\/\/perluette.xyz\/wp-content\/uploads\/2017\/07\/leporello_atelier_Tickets-Ville_19juillet17\u00aeAmin-TOULORS-PERLUETTE-0634-162x108.jpg 162w\" sizes=\"auto, (max-width: 300px) 100vw, 300px\" \/><figcaption id=\"caption-attachment-474\" class=\"wp-caption-text\">Leporello Tickets Ville \/ atelier B\u00e9n\u00e9dicte Maerten au WAAO 19 juillet 2017 \/ Photo Amin Toulors pour Perluette<\/figcaption><\/figure>\n<p>Revivez les premiers ateliers de <a href=\"https:\/\/perluette.xyz\/wp-content\/uploads\/2017\/07\/programme_Perluette-part-en-ville_A4.pdf\" target=\"_blank\" rel=\"noopener noreferrer\"><strong><em>Perluette part en ville<\/em><\/strong><\/a> en images gr\u00e2ce au talent du photographe Amin Toulors qui pose son regard sur l&rsquo;\u00e9v\u00e8nement.<\/p>\n<figure id=\"attachment_475\" aria-describedby=\"caption-attachment-475\" style=\"width: 300px\" class=\"wp-caption alignleft\"><img loading=\"lazy\" decoding=\"async\" class=\"size-medium wp-image-475\" src=\"https:\/\/perluette.xyz\/wp-content\/uploads\/2017\/07\/Expo_Didier-Cornille_Lille-Europe\u00aeAmin-TOULORS-PERLUETTE-0513-300x200.jpg\" alt=\"\" width=\"300\" height=\"200\" srcset=\"https:\/\/perluette.xyz\/wp-content\/uploads\/2017\/07\/Expo_Didier-Cornille_Lille-Europe\u00aeAmin-TOULORS-PERLUETTE-0513-300x200.jpg 300w, https:\/\/perluette.xyz\/wp-content\/uploads\/2017\/07\/Expo_Didier-Cornille_Lille-Europe\u00aeAmin-TOULORS-PERLUETTE-0513-768x513.jpg 768w, https:\/\/perluette.xyz\/wp-content\/uploads\/2017\/07\/Expo_Didier-Cornille_Lille-Europe\u00aeAmin-TOULORS-PERLUETTE-0513-1024x683.jpg 1024w, https:\/\/perluette.xyz\/wp-content\/uploads\/2017\/07\/Expo_Didier-Cornille_Lille-Europe\u00aeAmin-TOULORS-PERLUETTE-0513-863x576.jpg 863w, https:\/\/perluette.xyz\/wp-content\/uploads\/2017\/07\/Expo_Didier-Cornille_Lille-Europe\u00aeAmin-TOULORS-PERLUETTE-0513-162x108.jpg 162w\" sizes=\"auto, (max-width: 300px) 100vw, 300px\" \/><figcaption id=\"caption-attachment-475\" class=\"wp-caption-text\">Exposition dessins de gares de Didier Cornille du 19 juillet au 31 ao\u00fbt 2017 en gare de Lille Europe \/ Photo Amin Toulors pour Perluette<\/figcaption><\/figure>\n<figure id=\"attachment_476\" aria-describedby=\"caption-attachment-476\" style=\"width: 200px\" class=\"wp-caption alignright\"><img loading=\"lazy\" decoding=\"async\" class=\"size-medium wp-image-476\" src=\"https:\/\/perluette.xyz\/wp-content\/uploads\/2017\/07\/librairie-jeunesse-ville-La-Lison\u00aeAmin-TOULORS-PERLUETTE-0474-200x300.jpg\" alt=\"\" width=\"200\" height=\"300\" srcset=\"https:\/\/perluette.xyz\/wp-content\/uploads\/2017\/07\/librairie-jeunesse-ville-La-Lison\u00aeAmin-TOULORS-PERLUETTE-0474-200x300.jpg 200w, https:\/\/perluette.xyz\/wp-content\/uploads\/2017\/07\/librairie-jeunesse-ville-La-Lison\u00aeAmin-TOULORS-PERLUETTE-0474-768x1151.jpg 768w, https:\/\/perluette.xyz\/wp-content\/uploads\/2017\/07\/librairie-jeunesse-ville-La-Lison\u00aeAmin-TOULORS-PERLUETTE-0474-683x1024.jpg 683w, https:\/\/perluette.xyz\/wp-content\/uploads\/2017\/07\/librairie-jeunesse-ville-La-Lison\u00aeAmin-TOULORS-PERLUETTE-0474-863x1293.jpg 863w, https:\/\/perluette.xyz\/wp-content\/uploads\/2017\/07\/librairie-jeunesse-ville-La-Lison\u00aeAmin-TOULORS-PERLUETTE-0474-72x108.jpg 72w\" sizes=\"auto, (max-width: 200px) 100vw, 200px\" \/><figcaption id=\"caption-attachment-476\" class=\"wp-caption-text\">Librairie jeunesse \u00e9ph\u00e8m\u00e8re ville La Lison au WAAO \/ Photo Amin Toulors pour Perluette<\/figcaption><\/figure>\n<p>Les ateliers de samedi sont quasi tous complets mais si vous prenez le TER, vous aurez peut-\u00eatre la chance d&rsquo;\u00e9couter un duo de lectrices vagabondes.<\/p>\n<p>Jusqu&rsquo;au 26 juillet seulement&#8230; alors profitez pleinement !<\/p>\n","protected":false},"excerpt":{"rendered":"<p>Des jeunes qui participent \u00e0 l&rsquo;oeuvre de l&rsquo;illustratrice Waii-Waii dans l&rsquo;espace public (quartier Euralille), des enfants qui construisent collectivement un leporello grand format sous la conduite de l&rsquo;architecte B\u00e9n\u00e9dicte Maerten au WAAO, une exposition de dessins de\u00a0 six gares des Hauts-de-France par l&rsquo;illustrateur Didier Cornille \u00e0 Lille Europe (hall 3 vitres int\u00e9rieures) &amp; une librairie &hellip; <a href=\"https:\/\/perluette.xyz\/index.php\/2017\/07\/20\/des-ateliers-en-ville-une-exposition-en-gare-partir-en-livre-a-lille\/\" class=\"more-link\">Continue reading <span class=\"screen-reader-text\">Des ateliers en ville, une exposition en gare, &#8230; Partir en livre \u00e0 Lille<\/span><\/a><\/p>\n","protected":false},"author":1,"featured_media":0,"comment_status":"open","ping_status":"open","sticky":false,"template":"","format":"standard","meta":{"footnotes":""},"categories":[3],"tags":[21,107,58,97,123,110,111,129,6,93,106],"class_list":["post-470","post","type-post","status-publish","format-standard","hentry","category-projets-perluette","tag-ateliers","tag-benedicte-maerten","tag-didier-cornille","tag-exposition","tag-jeunesse","tag-la-lison","tag-librairie","tag-lille-europe","tag-partir-en-livre","tag-ville","tag-waii-waii"],"_links":{"self":[{"href":"https:\/\/perluette.xyz\/index.php\/wp-json\/wp\/v2\/posts\/470","targetHints":{"allow":["GET"]}}],"collection":[{"href":"https:\/\/perluette.xyz\/index.php\/wp-json\/wp\/v2\/posts"}],"about":[{"href":"https:\/\/perluette.xyz\/index.php\/wp-json\/wp\/v2\/types\/post"}],"author":[{"embeddable":true,"href":"https:\/\/perluette.xyz\/index.php\/wp-json\/wp\/v2\/users\/1"}],"replies":[{"embeddable":true,"href":"https:\/\/perluette.xyz\/index.php\/wp-json\/wp\/v2\/comments?post=470"}],"version-history":[{"count":2,"href":"https:\/\/perluette.xyz\/index.php\/wp-json\/wp\/v2\/posts\/470\/revisions"}],"predecessor-version":[{"id":478,"href":"https:\/\/perluette.xyz\/index.php\/wp-json\/wp\/v2\/posts\/470\/revisions\/478"}],"wp:attachment":[{"href":"https:\/\/perluette.xyz\/index.php\/wp-json\/wp\/v2\/media?parent=470"}],"wp:term":[{"taxonomy":"category","embeddable":true,"href":"https:\/\/perluette.xyz\/index.php\/wp-json\/wp\/v2\/categories?post=470"},{"taxonomy":"post_tag","embeddable":true,"href":"https:\/\/perluette.xyz\/index.php\/wp-json\/wp\/v2\/tags?post=470"}],"curies":[{"name":"wp","href":"https:\/\/api.w.org\/{rel}","templated":true}]}}