{"id":550,"date":"2017-10-06T14:27:12","date_gmt":"2017-10-06T13:27:12","guid":{"rendered":"http:\/\/perluette.xyz\/?p=550"},"modified":"2017-10-06T14:47:04","modified_gmt":"2017-10-06T13:47:04","slug":"les-lectures-jaime-lire-bayard-se-poursuivent-cet-automne-2017","status":"publish","type":"post","link":"https:\/\/perluette.xyz\/index.php\/2017\/10\/06\/les-lectures-jaime-lire-bayard-se-poursuivent-cet-automne-2017\/","title":{"rendered":"Les lectures J&rsquo;aime Lire [BAYARD] se poursuivent"},"content":{"rendered":"<p><img loading=\"lazy\" decoding=\"async\" class=\"aligncenter size-medium wp-image-412\" src=\"https:\/\/perluette.xyz\/wp-content\/uploads\/2017\/06\/logo_JAL_RELOOK-300x118.jpg\" alt=\"\" width=\"300\" height=\"118\" srcset=\"https:\/\/perluette.xyz\/wp-content\/uploads\/2017\/06\/logo_JAL_RELOOK-300x118.jpg 300w, https:\/\/perluette.xyz\/wp-content\/uploads\/2017\/06\/logo_JAL_RELOOK-768x302.jpg 768w, https:\/\/perluette.xyz\/wp-content\/uploads\/2017\/06\/logo_JAL_RELOOK-1024x403.jpg 1024w, https:\/\/perluette.xyz\/wp-content\/uploads\/2017\/06\/logo_JAL_RELOOK-863x340.jpg 863w, https:\/\/perluette.xyz\/wp-content\/uploads\/2017\/06\/logo_JAL_RELOOK-274x108.jpg 274w, https:\/\/perluette.xyz\/wp-content\/uploads\/2017\/06\/logo_JAL_RELOOK.jpg 1897w\" sizes=\"auto, (max-width: 300px) 100vw, 300px\" \/><\/p>\n<p>Dans le cadre du relookage de sa collection J&rsquo;aime Lire (<a href=\"http:\/\/www.bayard-editions.com\/jeunesse\/lecture-poche\/des-7-ans\" target=\"_blank\" rel=\"noopener noreferrer\">romans poche d\u00e8s 7 ans<\/a>), l&rsquo;\u00e9diteur BAYARD offre des lectures \u00e0 une cinquantaine de librairies en France. Le projet s&rsquo;organise en partenariat avec Perluette.<\/p>\n<p>Ces lectures, coordonn\u00e9es par l&rsquo;association, ont d\u00e9marr\u00e9 avant l&rsquo;\u00e9t\u00e9 mais continuent\u00a0\u00a0cet automne 2017.<\/p>\n<p>Retrouvez <em>Vampirette, L&rsquo;ile aux pirates, Le M\u00e9gatruc, La Bataille des slips&#8230;<\/em> mis en voix par les com\u00e9diennes Nathalie Pagnac, Laurence Cazaux, Isabelle Alfred, Anne-Sophie Diet &amp; Sophie Descamps :<\/p>\n<ul>\n<li><img loading=\"lazy\" decoding=\"async\" class=\"size-medium wp-image-418 alignright\" src=\"https:\/\/perluette.xyz\/wp-content\/uploads\/2017\/06\/Lecture_Amiens_10juin17_Perluette-078-169x300.jpg\" alt=\"\" width=\"169\" height=\"300\" srcset=\"https:\/\/perluette.xyz\/wp-content\/uploads\/2017\/06\/Lecture_Amiens_10juin17_Perluette-078-169x300.jpg 169w, https:\/\/perluette.xyz\/wp-content\/uploads\/2017\/06\/Lecture_Amiens_10juin17_Perluette-078-768x1365.jpg 768w, https:\/\/perluette.xyz\/wp-content\/uploads\/2017\/06\/Lecture_Amiens_10juin17_Perluette-078-576x1024.jpg 576w, https:\/\/perluette.xyz\/wp-content\/uploads\/2017\/06\/Lecture_Amiens_10juin17_Perluette-078-863x1534.jpg 863w, https:\/\/perluette.xyz\/wp-content\/uploads\/2017\/06\/Lecture_Amiens_10juin17_Perluette-078-61x108.jpg 61w, https:\/\/perluette.xyz\/wp-content\/uploads\/2017\/06\/Lecture_Amiens_10juin17_Perluette-078.jpg 1440w\" sizes=\"auto, (max-width: 169px) 100vw, 169px\" \/>Samedi 16 septembre \u00e0 Albi (81) &#8211; Librairie des enfants<\/li>\n<li>Mercredi 20 septembre \u00e0 Clermont-Ferrand (63) &#8211; Librairie Les Volcans<\/li>\n<li>Samedi 23 septembre \u00e0 Aurillac (15) &#8211; Librairie Point Virgule<\/li>\n<li>Samedi 7 octobre \u00e0 Saint Etienne du Rouvray (76) &#8211; Librairie de l&rsquo;Espace culturel Leclerc<\/li>\n<li>Samedi 7 &amp; dimanche 8 octobre \u00e0 Gradignan (33) &#8211; Salon Lire en poche<\/li>\n<li>Mercredi 11 octobre \u00e0 Strasbourg (67) &#8211; Librairie Kl\u00e9ber<\/li>\n<li>Mercredi 11 octobre \u00e0 Armenti\u00e8res (59) &#8211; Librairie Majuscules<\/li>\n<li>Samedi 14 octobre \u00e0 Maubeuge (59) &#8211; Librairie Vauban<\/li>\n<li>Samedi 21 octobre \u00e0 Saint Brice Courcelles (51) &#8211; Librairie de l&rsquo;Espace culturel Leclerc<\/li>\n<\/ul>\n<p style=\"text-align: right;\">Plus d&rsquo;infos sur simple demande \u00e0 association.perluette@gmail.com<\/p>\n","protected":false},"excerpt":{"rendered":"<p>Dans le cadre du relookage de sa collection J&rsquo;aime Lire (romans poche d\u00e8s 7 ans), l&rsquo;\u00e9diteur BAYARD offre des lectures \u00e0 une cinquantaine de librairies en France. Le projet s&rsquo;organise en partenariat avec Perluette. Ces lectures, coordonn\u00e9es par l&rsquo;association, ont d\u00e9marr\u00e9 avant l&rsquo;\u00e9t\u00e9 mais continuent\u00a0\u00a0cet automne 2017. Retrouvez Vampirette, L&rsquo;ile aux pirates, Le M\u00e9gatruc, La &hellip; <a href=\"https:\/\/perluette.xyz\/index.php\/2017\/10\/06\/les-lectures-jaime-lire-bayard-se-poursuivent-cet-automne-2017\/\" class=\"more-link\">Continue reading <span class=\"screen-reader-text\">Les lectures J&rsquo;aime Lire [BAYARD] se poursuivent<\/span><\/a><\/p>\n","protected":false},"author":1,"featured_media":0,"comment_status":"open","ping_status":"open","sticky":false,"template":"","format":"standard","meta":{"footnotes":""},"categories":[4],"tags":[113,112,36],"class_list":["post-550","post","type-post","status-publish","format-standard","hentry","category-autres-projets","tag-bayard","tag-jaime-lire","tag-lectures"],"_links":{"self":[{"href":"https:\/\/perluette.xyz\/index.php\/wp-json\/wp\/v2\/posts\/550","targetHints":{"allow":["GET"]}}],"collection":[{"href":"https:\/\/perluette.xyz\/index.php\/wp-json\/wp\/v2\/posts"}],"about":[{"href":"https:\/\/perluette.xyz\/index.php\/wp-json\/wp\/v2\/types\/post"}],"author":[{"embeddable":true,"href":"https:\/\/perluette.xyz\/index.php\/wp-json\/wp\/v2\/users\/1"}],"replies":[{"embeddable":true,"href":"https:\/\/perluette.xyz\/index.php\/wp-json\/wp\/v2\/comments?post=550"}],"version-history":[{"count":6,"href":"https:\/\/perluette.xyz\/index.php\/wp-json\/wp\/v2\/posts\/550\/revisions"}],"predecessor-version":[{"id":557,"href":"https:\/\/perluette.xyz\/index.php\/wp-json\/wp\/v2\/posts\/550\/revisions\/557"}],"wp:attachment":[{"href":"https:\/\/perluette.xyz\/index.php\/wp-json\/wp\/v2\/media?parent=550"}],"wp:term":[{"taxonomy":"category","embeddable":true,"href":"https:\/\/perluette.xyz\/index.php\/wp-json\/wp\/v2\/categories?post=550"},{"taxonomy":"post_tag","embeddable":true,"href":"https:\/\/perluette.xyz\/index.php\/wp-json\/wp\/v2\/tags?post=550"}],"curies":[{"name":"wp","href":"https:\/\/api.w.org\/{rel}","templated":true}]}}