{"id":647,"date":"2018-06-05T08:25:36","date_gmt":"2018-06-05T07:25:36","guid":{"rendered":"http:\/\/perluette.xyz\/?p=647"},"modified":"2018-06-05T08:46:06","modified_gmt":"2018-06-05T07:46:06","slug":"lecture-jaime-lire-a-abbeville","status":"publish","type":"post","link":"https:\/\/perluette.xyz\/index.php\/2018\/06\/05\/lecture-jaime-lire-a-abbeville\/","title":{"rendered":"Lecture J&rsquo;aime Lire \u00e0 Abbeville"},"content":{"rendered":"<p>&nbsp;<\/p>\n<div>\n<div class=\"mceTemp\">\n<figure id=\"attachment_648\" aria-describedby=\"caption-attachment-648\" style=\"width: 169px\" class=\"wp-caption alignleft\"><img loading=\"lazy\" decoding=\"async\" class=\"wp-image-648 size-medium\" src=\"https:\/\/perluette.xyz\/wp-content\/uploads\/2018\/06\/Lecture_Abbeville_10juin17_Perluette-110-169x300.jpg\" alt=\"\" width=\"169\" height=\"300\" srcset=\"https:\/\/perluette.xyz\/wp-content\/uploads\/2018\/06\/Lecture_Abbeville_10juin17_Perluette-110-169x300.jpg 169w, https:\/\/perluette.xyz\/wp-content\/uploads\/2018\/06\/Lecture_Abbeville_10juin17_Perluette-110-768x1365.jpg 768w, https:\/\/perluette.xyz\/wp-content\/uploads\/2018\/06\/Lecture_Abbeville_10juin17_Perluette-110-576x1024.jpg 576w, https:\/\/perluette.xyz\/wp-content\/uploads\/2018\/06\/Lecture_Abbeville_10juin17_Perluette-110-863x1534.jpg 863w, https:\/\/perluette.xyz\/wp-content\/uploads\/2018\/06\/Lecture_Abbeville_10juin17_Perluette-110-61x108.jpg 61w, https:\/\/perluette.xyz\/wp-content\/uploads\/2018\/06\/Lecture_Abbeville_10juin17_Perluette-110.jpg 1440w\" sizes=\"auto, (max-width: 169px) 100vw, 169px\" \/><figcaption id=\"caption-attachment-648\" class=\"wp-caption-text\">Lecture de Sophie Descamps au Studio Livres \u00e0 Abbeville en 2017 \u00a9 Perluette<\/figcaption><\/figure>\n<\/div>\n<div><\/div>\n<div>\u00a0Ce samedi 9 juin \u00e0 15h, la com\u00e9dienne <strong>Sophie Descamps<\/strong> fera d\u00e9couvrir deux titres de la collection J&rsquo;aime Lire (Edition Bayard) \u00e0 la Librairie <strong>Studio Livres<\/strong>. Cette lecture s&rsquo;inscrit dans le cadre d&rsquo;un \u00e9v\u00e8nement organis\u00e9 par cette librairie ind\u00e9pendante autour de la th\u00e9matique du vivre ensemble.<\/div>\n<div><\/div>\n<div><\/div>\n<p style=\"text-align: justify;\">Ce sera l&rsquo;occasion de rencontrer Perluette &amp; de rebondir sur des lectures qui ont d\u00e9j\u00e0 \u00e9t\u00e9 organis\u00e9es dans les Hauts-de-France en 2017 dans le cadre du relookage de cette collection interg\u00e9n\u00e9rationnelle J&rsquo;aime Lire.<\/p>\n<p style=\"text-align: center;\"><em>Plus d&rsquo;infos sur cette journ\u00e9e au 33 Place Max Lejeune &#8211; 80100 Abbeville<br \/>\n<span class=\"gmail-LrzXr\"><span class=\"gmail-LrzXr gmail-kno-fv gmail-zdqRlf\">03 22 19 22 22<\/span><\/span><br \/>\n<\/em><\/p>\n<\/div>\n","protected":false},"excerpt":{"rendered":"<p>&nbsp; \u00a0Ce samedi 9 juin \u00e0 15h, la com\u00e9dienne Sophie Descamps fera d\u00e9couvrir deux titres de la collection J&rsquo;aime Lire (Edition Bayard) \u00e0 la Librairie Studio Livres. Cette lecture s&rsquo;inscrit dans le cadre d&rsquo;un \u00e9v\u00e8nement organis\u00e9 par cette librairie ind\u00e9pendante autour de la th\u00e9matique du vivre ensemble. Ce sera l&rsquo;occasion de rencontrer Perluette &amp; de &hellip; <a href=\"https:\/\/perluette.xyz\/index.php\/2018\/06\/05\/lecture-jaime-lire-a-abbeville\/\" class=\"more-link\">Continue reading <span class=\"screen-reader-text\">Lecture J&rsquo;aime Lire \u00e0 Abbeville<\/span><\/a><\/p>\n","protected":false},"author":1,"featured_media":0,"comment_status":"open","ping_status":"open","sticky":false,"template":"","format":"standard","meta":{"footnotes":""},"categories":[4],"tags":[187,113,112,123,9,66,186,188],"class_list":["post-647","post","type-post","status-publish","format-standard","hentry","category-autres-projets","tag-abbeville","tag-bayard","tag-jaime-lire","tag-jeunesse","tag-lecture","tag-perluette","tag-sophie-descamps","tag-studio-livres"],"_links":{"self":[{"href":"https:\/\/perluette.xyz\/index.php\/wp-json\/wp\/v2\/posts\/647","targetHints":{"allow":["GET"]}}],"collection":[{"href":"https:\/\/perluette.xyz\/index.php\/wp-json\/wp\/v2\/posts"}],"about":[{"href":"https:\/\/perluette.xyz\/index.php\/wp-json\/wp\/v2\/types\/post"}],"author":[{"embeddable":true,"href":"https:\/\/perluette.xyz\/index.php\/wp-json\/wp\/v2\/users\/1"}],"replies":[{"embeddable":true,"href":"https:\/\/perluette.xyz\/index.php\/wp-json\/wp\/v2\/comments?post=647"}],"version-history":[{"count":9,"href":"https:\/\/perluette.xyz\/index.php\/wp-json\/wp\/v2\/posts\/647\/revisions"}],"predecessor-version":[{"id":658,"href":"https:\/\/perluette.xyz\/index.php\/wp-json\/wp\/v2\/posts\/647\/revisions\/658"}],"wp:attachment":[{"href":"https:\/\/perluette.xyz\/index.php\/wp-json\/wp\/v2\/media?parent=647"}],"wp:term":[{"taxonomy":"category","embeddable":true,"href":"https:\/\/perluette.xyz\/index.php\/wp-json\/wp\/v2\/categories?post=647"},{"taxonomy":"post_tag","embeddable":true,"href":"https:\/\/perluette.xyz\/index.php\/wp-json\/wp\/v2\/tags?post=647"}],"curies":[{"name":"wp","href":"https:\/\/api.w.org\/{rel}","templated":true}]}}