{"id":692,"date":"2018-06-26T11:18:15","date_gmt":"2018-06-26T10:18:15","guid":{"rendered":"http:\/\/perluette.xyz\/?p=692"},"modified":"2018-06-26T11:22:38","modified_gmt":"2018-06-26T10:22:38","slug":"une-lecture-concert-au-festival-clef-de-soleil","status":"publish","type":"post","link":"https:\/\/perluette.xyz\/index.php\/2018\/06\/26\/une-lecture-concert-au-festival-clef-de-soleil\/","title":{"rendered":"Une lecture-concert au festival Clef de soleil"},"content":{"rendered":"<p>Tous les ans durant les deux mois d&rsquo;\u00e9t\u00e9, le <a href=\"https:\/\/www.clefdesoleil.com\/\" target=\"_blank\" rel=\"noopener noreferrer\">festival lillois<strong> Clef de soleil<\/strong>,<\/a> festival de musique de chambre (direction artistique Denis Simandy), organise de nombreux concerts sur un th\u00e8me donn\u00e9, <img loading=\"lazy\" decoding=\"async\" class=\"alignright wp-image-693 size-medium\" style=\"background-color: transparent; color: #333333; float: right; font-family: Georgia,&amp;quot; times new roman&amp;quot;,&amp;quot;bitstream charter&amp;quot;,times,serif; font-size: 16px; font-style: normal; font-variant: normal; font-weight: 400; height: 300px; letter-spacing: normal; max-width: 1276px; orphans: 2; outline-color: #72777c; outline-style: solid; outline-width: 1px; text-align: left; text-decoration: none; text-indent: 0px; text-transform: none; -webkit-text-stroke-width: 0px; white-space: normal; word-spacing: 0px; margin: 8px 0px 8px 16px;\" src=\"https:\/\/perluette.xyz\/wp-content\/uploads\/2018\/06\/affiche-crepuscules-2018-205x300.jpg\" alt=\"\" width=\"205\" height=\"300\" srcset=\"https:\/\/perluette.xyz\/wp-content\/uploads\/2018\/06\/affiche-crepuscules-2018-205x300.jpg 205w, https:\/\/perluette.xyz\/wp-content\/uploads\/2018\/06\/affiche-crepuscules-2018-768x1126.jpg 768w, https:\/\/perluette.xyz\/wp-content\/uploads\/2018\/06\/affiche-crepuscules-2018-698x1024.jpg 698w, https:\/\/perluette.xyz\/wp-content\/uploads\/2018\/06\/affiche-crepuscules-2018-863x1266.jpg 863w, https:\/\/perluette.xyz\/wp-content\/uploads\/2018\/06\/affiche-crepuscules-2018-74x108.jpg 74w\" sizes=\"auto, (max-width: 205px) 100vw, 205px\" \/>en invitant des musiciens tr\u00e8s reconnus.<\/p>\n<p style=\"text-align: left;\">Pour la 17e \u00e9dition autour de la th\u00e9matique des cr\u00e9puscules, le festival a sollicit\u00e9 Perluette pour collaborer ensemble sur une lecture musicale (avec le soutien de la MAIF).<br \/>\nLe <strong>6 juillet \u00e0 19h au Grand Sud <\/strong>(50 rue de l&rsquo;Europe \u00e0 Lille), venez \u00e9couter la lectrice <strong>Laure Montaigne<\/strong> accompagn\u00e9e de la pianiste <strong>Galina Ermakova<\/strong> pour la lecture concert de l&rsquo;album <em>Le Renard et l&rsquo;\u00e9toile<\/em> de Coralie Bickford-Smith (\u00e9dition Gallimard jeunesse).<\/p>\n<p style=\"text-align: left;\">\nLe concert est gratuit, n&rsquo;h\u00e9sitez pas \u00e0 venir nous y retrouver !<\/p>\n","protected":false},"excerpt":{"rendered":"<p>Tous les ans durant les deux mois d&rsquo;\u00e9t\u00e9, le festival lillois Clef de soleil, festival de musique de chambre (direction artistique Denis Simandy), organise de nombreux concerts sur un th\u00e8me donn\u00e9, en invitant des musiciens tr\u00e8s reconnus. Pour la 17e \u00e9dition autour de la th\u00e9matique des cr\u00e9puscules, le festival a sollicit\u00e9 Perluette pour collaborer ensemble &hellip; <a href=\"https:\/\/perluette.xyz\/index.php\/2018\/06\/26\/une-lecture-concert-au-festival-clef-de-soleil\/\" class=\"more-link\">Continue reading <span class=\"screen-reader-text\">Une lecture-concert au festival Clef de soleil<\/span><\/a><\/p>\n","protected":false},"author":1,"featured_media":0,"comment_status":"open","ping_status":"open","sticky":false,"template":"","format":"standard","meta":{"footnotes":""},"categories":[1],"tags":[],"class_list":["post-692","post","type-post","status-publish","format-standard","hentry","category-non-classe"],"_links":{"self":[{"href":"https:\/\/perluette.xyz\/index.php\/wp-json\/wp\/v2\/posts\/692","targetHints":{"allow":["GET"]}}],"collection":[{"href":"https:\/\/perluette.xyz\/index.php\/wp-json\/wp\/v2\/posts"}],"about":[{"href":"https:\/\/perluette.xyz\/index.php\/wp-json\/wp\/v2\/types\/post"}],"author":[{"embeddable":true,"href":"https:\/\/perluette.xyz\/index.php\/wp-json\/wp\/v2\/users\/1"}],"replies":[{"embeddable":true,"href":"https:\/\/perluette.xyz\/index.php\/wp-json\/wp\/v2\/comments?post=692"}],"version-history":[{"count":3,"href":"https:\/\/perluette.xyz\/index.php\/wp-json\/wp\/v2\/posts\/692\/revisions"}],"predecessor-version":[{"id":696,"href":"https:\/\/perluette.xyz\/index.php\/wp-json\/wp\/v2\/posts\/692\/revisions\/696"}],"wp:attachment":[{"href":"https:\/\/perluette.xyz\/index.php\/wp-json\/wp\/v2\/media?parent=692"}],"wp:term":[{"taxonomy":"category","embeddable":true,"href":"https:\/\/perluette.xyz\/index.php\/wp-json\/wp\/v2\/categories?post=692"},{"taxonomy":"post_tag","embeddable":true,"href":"https:\/\/perluette.xyz\/index.php\/wp-json\/wp\/v2\/tags?post=692"}],"curies":[{"name":"wp","href":"https:\/\/api.w.org\/{rel}","templated":true}]}}