{"id":760,"date":"2018-10-26T13:42:22","date_gmt":"2018-10-26T12:42:22","guid":{"rendered":"http:\/\/perluette.xyz\/?p=760"},"modified":"2018-10-26T13:42:22","modified_gmt":"2018-10-26T12:42:22","slug":"des-lectures-a-donner-la-chair-de-poule-avec-bayard","status":"publish","type":"post","link":"https:\/\/perluette.xyz\/index.php\/2018\/10\/26\/des-lectures-a-donner-la-chair-de-poule-avec-bayard\/","title":{"rendered":"Des lectures \u00e0 donner la Chair de poule avec Bayard"},"content":{"rendered":"<p>L&rsquo;association coordonne pour les <strong>Editions Bayard<\/strong> des lectures mises en voix par des com\u00e9dienNEs de romans de la <strong>collection Chair de poule<\/strong> (\u00e0 partir de 9 ans), sur toute la France \u00e0 la p\u00e9riode d&rsquo;Halloween.<\/p>\n<p><img loading=\"lazy\" decoding=\"async\" class=\"size-medium wp-image-762 alignright\" src=\"https:\/\/perluette.xyz\/wp-content\/uploads\/2018\/10\/HD_FLYER_CDP_S-229x300.jpg\" alt=\"\" width=\"229\" height=\"300\" srcset=\"https:\/\/perluette.xyz\/wp-content\/uploads\/2018\/10\/HD_FLYER_CDP_S-229x300.jpg 229w, https:\/\/perluette.xyz\/wp-content\/uploads\/2018\/10\/HD_FLYER_CDP_S-768x1004.jpg 768w, https:\/\/perluette.xyz\/wp-content\/uploads\/2018\/10\/HD_FLYER_CDP_S-783x1024.jpg 783w, https:\/\/perluette.xyz\/wp-content\/uploads\/2018\/10\/HD_FLYER_CDP_S-863x1128.jpg 863w, https:\/\/perluette.xyz\/wp-content\/uploads\/2018\/10\/HD_FLYER_CDP_S-83x108.jpg 83w, https:\/\/perluette.xyz\/wp-content\/uploads\/2018\/10\/HD_FLYER_CDP_S.jpg 1535w\" sizes=\"auto, (max-width: 229px) 100vw, 229px\" \/>Frissonnez donc :<\/p>\n<ul>\n<li>le <strong>samedi 27 octobre<\/strong> \u00e0 15h dans les librairies La Bo\u00eete \u00e0 Livres \u00e0 Tours, Les Enfants de Dialogues \u00e0 Brest, Cultura \u00e0 Valence, Espace culturel \u00e0 Tourlaville \/ \u00e0 16h au Furet du Nord \u00e0 Lille, \u00e0 la librairie Tire-Lire \u00e0 Toulouse \/ \u00e0 16h30 au Cultura de La D\u00e9fense \u00e0 Puteaux;<\/li>\n<li>le <strong>mercredi 31 octobre<\/strong> \u00e0 11h \u00e0 la librairie Sauramps Polym\u00f4mes \u00e0 Montpellier \/ \u00e0 14h30 \u00e0 l&rsquo;Emile \u00e0 Paris (15\u00e8me) \/ \u00e0 15h dans les librairies Kl\u00e9ber \u00e0 Strasbourg, Mollat \u00e0 Bordeaux, Cultura \u00e0 Besan\u00e7on, Espace culturel \u00e0 Varennes-sur-Seine \/ \u00e0 16h \u00e0 Gibert Joseph \u00e0 Saint-Germain-en-Laye \/ \u00e0 17h aux Volcans \u00e0 Clermont-Ferrand, \u00e0 Doucet au Mans, au Dragon Savant \u00e0 Paris (19\u00e8me) \/ \u00e0 18h \u00e0 la Librairie Durance \u00e0 Nantes \/ \u00e0 19h \u00e0 Charlemagne \u00e0 Toulon;<\/li>\n<li>&amp; enfin le <strong>samedi 3 novembre<\/strong> \u00e0 15h dans les librairies Goulard \u00e0 Aix-en-Provence, Cultura de Villefranche-sur-Sa\u00f4ne, Espace culturel de Saint-Etienne-du-Rouvray \/ \u00e0 16h \u00e0 La Courte Echelle \u00e0 Rennes, \u00e0 Martin-Delbert \u00e0 Agen, Espace culturel \u00e0 Fagni\u00e8res, Gibert Jeune \u00e0 Paris (5\u00e8me).<\/li>\n<\/ul>\n<p>Merci pour ces lectures aux artistes Isabelle Alfred, Audrey Arnal, Victoria Belletti, Constance Chaperon, Jonathan Demay, Sophie Descamps, Anne-Sophie Diet, Anne Merceron, Nathalie Pagnac, Estelle Simonovic-Salomone, Emmanuelle Ve\u00efn &amp; Maude Vergnaud.<\/p>\n","protected":false},"excerpt":{"rendered":"<p>L&rsquo;association coordonne pour les Editions Bayard des lectures mises en voix par des com\u00e9dienNEs de romans de la collection Chair de poule (\u00e0 partir de 9 ans), sur toute la France \u00e0 la p\u00e9riode d&rsquo;Halloween. Frissonnez donc : le samedi 27 octobre \u00e0 15h dans les librairies La Bo\u00eete \u00e0 Livres \u00e0 Tours, Les Enfants &hellip; <a href=\"https:\/\/perluette.xyz\/index.php\/2018\/10\/26\/des-lectures-a-donner-la-chair-de-poule-avec-bayard\/\" class=\"more-link\">Continue reading <span class=\"screen-reader-text\">Des lectures \u00e0 donner la Chair de poule avec Bayard<\/span><\/a><\/p>\n","protected":false},"author":1,"featured_media":0,"comment_status":"open","ping_status":"open","sticky":false,"template":"","format":"standard","meta":{"footnotes":""},"categories":[4],"tags":[191,228,224,113,221,226,230,229,223,227,111,190,222,186,225],"class_list":["post-760","post","type-post","status-publish","format-standard","hentry","category-autres-projets","tag-anne-merceron","tag-anne-sophie-diet","tag-audrey-arnal","tag-bayard","tag-chair-de-poule","tag-constance-chaperon","tag-emmanuelle-vein-maude-vergnaud","tag-estelle-simonovic-salomone","tag-isabelle-alfred","tag-jonathan-demay","tag-librairie","tag-nathalie-pagnac","tag-roman","tag-sophie-descamps","tag-victoria-belletti"],"_links":{"self":[{"href":"https:\/\/perluette.xyz\/index.php\/wp-json\/wp\/v2\/posts\/760","targetHints":{"allow":["GET"]}}],"collection":[{"href":"https:\/\/perluette.xyz\/index.php\/wp-json\/wp\/v2\/posts"}],"about":[{"href":"https:\/\/perluette.xyz\/index.php\/wp-json\/wp\/v2\/types\/post"}],"author":[{"embeddable":true,"href":"https:\/\/perluette.xyz\/index.php\/wp-json\/wp\/v2\/users\/1"}],"replies":[{"embeddable":true,"href":"https:\/\/perluette.xyz\/index.php\/wp-json\/wp\/v2\/comments?post=760"}],"version-history":[{"count":2,"href":"https:\/\/perluette.xyz\/index.php\/wp-json\/wp\/v2\/posts\/760\/revisions"}],"predecessor-version":[{"id":763,"href":"https:\/\/perluette.xyz\/index.php\/wp-json\/wp\/v2\/posts\/760\/revisions\/763"}],"wp:attachment":[{"href":"https:\/\/perluette.xyz\/index.php\/wp-json\/wp\/v2\/media?parent=760"}],"wp:term":[{"taxonomy":"category","embeddable":true,"href":"https:\/\/perluette.xyz\/index.php\/wp-json\/wp\/v2\/categories?post=760"},{"taxonomy":"post_tag","embeddable":true,"href":"https:\/\/perluette.xyz\/index.php\/wp-json\/wp\/v2\/tags?post=760"}],"curies":[{"name":"wp","href":"https:\/\/api.w.org\/{rel}","templated":true}]}}