{"id":769,"date":"2018-11-16T18:25:58","date_gmt":"2018-11-16T17:25:58","guid":{"rendered":"http:\/\/perluette.xyz\/?p=769"},"modified":"2018-11-16T18:25:58","modified_gmt":"2018-11-16T17:25:58","slug":"perluette-jardine-aux-comptoirs-dart-2018","status":"publish","type":"post","link":"https:\/\/perluette.xyz\/index.php\/2018\/11\/16\/perluette-jardine-aux-comptoirs-dart-2018\/","title":{"rendered":"Perluette jardine aux Comptoirs d&rsquo;art 2018"},"content":{"rendered":"<p><img loading=\"lazy\" decoding=\"async\" class=\"alignleft size-medium wp-image-771\" src=\"https:\/\/perluette.xyz\/wp-content\/uploads\/2018\/11\/AfficheCA2018-212x300.jpg\" alt=\"\" width=\"212\" height=\"300\" srcset=\"https:\/\/perluette.xyz\/wp-content\/uploads\/2018\/11\/AfficheCA2018-212x300.jpg 212w, https:\/\/perluette.xyz\/wp-content\/uploads\/2018\/11\/AfficheCA2018-768x1085.jpg 768w, https:\/\/perluette.xyz\/wp-content\/uploads\/2018\/11\/AfficheCA2018-725x1024.jpg 725w, https:\/\/perluette.xyz\/wp-content\/uploads\/2018\/11\/AfficheCA2018-863x1219.jpg 863w, https:\/\/perluette.xyz\/wp-content\/uploads\/2018\/11\/AfficheCA2018-76x108.jpg 76w, https:\/\/perluette.xyz\/wp-content\/uploads\/2018\/11\/AfficheCA2018.jpg 1045w\" sizes=\"auto, (max-width: 212px) 100vw, 212px\" \/>Depuis 16 \u00e9ditions d\u00e9j\u00e0, <strong>le <a href=\"http:\/\/leboulon.fr\/\" target=\"_blank\" rel=\"noopener noreferrer\">Boulon &#8211; CNAREP<\/a> \u00e0 Vieux-Cond\u00e9<\/strong> (59) propose <strong>Les Comptoirs d&rsquo;art (CA), une journ\u00e9e r\u00e9-cr\u00e9ative pour bambins &amp; adultes inspir\u00e9s<\/strong> qui convie artistes &amp; acteurs culturels \u00e0 proposer de riches ateliers en lien avec une th\u00e9matique. En 2018, la belle \u00e9quipe des CA a choisi <strong>les jardins<\/strong>, qu&rsquo;ils soient potagers, nourriciers ou secrets !<\/p>\n<p>Perluette a r\u00e9pondu \u00e0 l&rsquo;invitation dans l&rsquo;id\u00e9e de faire d\u00e9couvrir des livres jeunesse en lien avec cette th\u00e9matique mais aussi de mettre \u00e0 l&rsquo;honneur quelques travaux de la photographe-plasticienne <a href=\"http:\/\/claire-de.fr\/bio\/\" target=\"_blank\" rel=\"noopener noreferrer\">Claire D\u00e9<\/a>.<\/p>\n<p><img loading=\"lazy\" decoding=\"async\" class=\"size-medium wp-image-772 alignright\" src=\"https:\/\/perluette.xyz\/wp-content\/uploads\/2018\/11\/Kalimba-200x300.jpg\" alt=\"\" width=\"200\" height=\"300\" srcset=\"https:\/\/perluette.xyz\/wp-content\/uploads\/2018\/11\/Kalimba-200x300.jpg 200w, https:\/\/perluette.xyz\/wp-content\/uploads\/2018\/11\/Kalimba-768x1152.jpg 768w, https:\/\/perluette.xyz\/wp-content\/uploads\/2018\/11\/Kalimba-682x1024.jpg 682w, https:\/\/perluette.xyz\/wp-content\/uploads\/2018\/11\/Kalimba-863x1295.jpg 863w, https:\/\/perluette.xyz\/wp-content\/uploads\/2018\/11\/Kalimba-72x108.jpg 72w, https:\/\/perluette.xyz\/wp-content\/uploads\/2018\/11\/Kalimba.jpg 1285w\" sizes=\"auto, (max-width: 200px) 100vw, 200px\" \/>En complicit\u00e9 avec le photographe <a href=\"http:\/\/www.flickr.com\/photos\/kalimbaba\/\" target=\"_blank\" rel=\"noopener noreferrer\"><strong>KALIMBA<\/strong><\/a>, l&rsquo;association vous propose donc de venir vous faire tirer le portrait en compagnie d&rsquo;un charmant l\u00e9gume de saison &#8211; d&rsquo;apr\u00e8s l&rsquo;id\u00e9e du leporello <a href=\"http:\/\/claire-de.fr\/livre\/qui-suis-je\/\" target=\"_blank\" rel=\"noopener noreferrer\">\u00ab\u00a0Qui suis-je ?\u00a0\u00bb<\/a> de Claire D\u00e9 (Les Grandes Personnes, 2018) !<\/p>\n<p>Perluette vous propose aussi de cr\u00e9er collectivement une marelle dont les chiffres seront des fruits &amp; l\u00e9gumes confectionn\u00e9s en collages, aux couleurs d&rsquo;<a href=\"http:\/\/claire-de.fr\/livre\/arti-show\/\" target=\"_blank\" rel=\"noopener noreferrer\">\u00ab\u00a0Arti Show\u00a0\u00bb<\/a>(mise en sc\u00e8ne circassienne de Claire D\u00e9).<\/p>\n<p>&amp; bien s\u00fbr Laure &amp; Magali vous proposeront une belle s\u00e9lection de livres jeunesse autour des jardins, \u00e0 consulter ou \u00e0 lire ensemble.<\/p>\n<p style=\"text-align: right;\">Alors \u00e0 dimanche 18 novembre 2018 de 10h \u00e0 17h<\/p>\n<p style=\"text-align: right;\">au Boulon\u00a0&#8211; CNAREP<\/p>\n<p style=\"text-align: right;\">Avevue de la gare &#8211; 59690 VIEUX-CONDE<\/p>\n<p style=\"text-align: right;\">Entr\u00e9e libre &amp; ateliers gratuits<\/p>\n<p style=\"text-align: right;\"><a href=\"https:\/\/perluette.xyz\/wp-content\/uploads\/2018\/11\/Depliant-Comptoirs-dart-2018.pdf\">T\u00e9l\u00e9chargez le programme des Comptoirs d&rsquo;art 2018 ICI !<\/a><\/p>\n","protected":false},"excerpt":{"rendered":"<p>Depuis 16 \u00e9ditions d\u00e9j\u00e0, le Boulon &#8211; CNAREP \u00e0 Vieux-Cond\u00e9 (59) propose Les Comptoirs d&rsquo;art (CA), une journ\u00e9e r\u00e9-cr\u00e9ative pour bambins &amp; adultes inspir\u00e9s qui convie artistes &amp; acteurs culturels \u00e0 proposer de riches ateliers en lien avec une th\u00e9matique. En 2018, la belle \u00e9quipe des CA a choisi les jardins, qu&rsquo;ils soient potagers, nourriciers &hellip; <a href=\"https:\/\/perluette.xyz\/index.php\/2018\/11\/16\/perluette-jardine-aux-comptoirs-dart-2018\/\" class=\"more-link\">Continue reading <span class=\"screen-reader-text\">Perluette jardine aux Comptoirs d&rsquo;art 2018<\/span><\/a><\/p>\n","protected":false},"author":1,"featured_media":0,"comment_status":"open","ping_status":"open","sticky":false,"template":"","format":"standard","meta":{"footnotes":""},"categories":[4],"tags":[148,238,147,235,7,237,236,239,138,212],"class_list":["post-769","post","type-post","status-publish","format-standard","hentry","category-autres-projets","tag-boulon","tag-claire-de","tag-comptoirs-dart","tag-fruits","tag-jardins","tag-kalimba","tag-legumes","tag-leporello","tag-livres","tag-photo"],"_links":{"self":[{"href":"https:\/\/perluette.xyz\/index.php\/wp-json\/wp\/v2\/posts\/769","targetHints":{"allow":["GET"]}}],"collection":[{"href":"https:\/\/perluette.xyz\/index.php\/wp-json\/wp\/v2\/posts"}],"about":[{"href":"https:\/\/perluette.xyz\/index.php\/wp-json\/wp\/v2\/types\/post"}],"author":[{"embeddable":true,"href":"https:\/\/perluette.xyz\/index.php\/wp-json\/wp\/v2\/users\/1"}],"replies":[{"embeddable":true,"href":"https:\/\/perluette.xyz\/index.php\/wp-json\/wp\/v2\/comments?post=769"}],"version-history":[{"count":1,"href":"https:\/\/perluette.xyz\/index.php\/wp-json\/wp\/v2\/posts\/769\/revisions"}],"predecessor-version":[{"id":773,"href":"https:\/\/perluette.xyz\/index.php\/wp-json\/wp\/v2\/posts\/769\/revisions\/773"}],"wp:attachment":[{"href":"https:\/\/perluette.xyz\/index.php\/wp-json\/wp\/v2\/media?parent=769"}],"wp:term":[{"taxonomy":"category","embeddable":true,"href":"https:\/\/perluette.xyz\/index.php\/wp-json\/wp\/v2\/categories?post=769"},{"taxonomy":"post_tag","embeddable":true,"href":"https:\/\/perluette.xyz\/index.php\/wp-json\/wp\/v2\/tags?post=769"}],"curies":[{"name":"wp","href":"https:\/\/api.w.org\/{rel}","templated":true}]}}