{"id":931,"date":"2019-07-09T21:58:40","date_gmt":"2019-07-09T20:58:40","guid":{"rendered":"http:\/\/perluette.xyz\/?p=931"},"modified":"2019-07-09T21:59:44","modified_gmt":"2019-07-09T20:59:44","slug":"merci-a-ariane","status":"publish","type":"post","link":"https:\/\/perluette.xyz\/index.php\/2019\/07\/09\/merci-a-ariane\/","title":{"rendered":"Merci \u00e0 Ariane !"},"content":{"rendered":"<p><img loading=\"lazy\" decoding=\"async\" class=\"wp-image-932 alignright\" style=\"direction: rtl;\" src=\"https:\/\/perluette.xyz\/wp-content\/uploads\/2019\/07\/Ariane_P1200252-e1562705838445-169x300.jpg\" alt=\"\" width=\"110\" height=\"195\" srcset=\"https:\/\/perluette.xyz\/wp-content\/uploads\/2019\/07\/Ariane_P1200252-e1562705838445-169x300.jpg 169w, https:\/\/perluette.xyz\/wp-content\/uploads\/2019\/07\/Ariane_P1200252-e1562705838445-768x1365.jpg 768w, https:\/\/perluette.xyz\/wp-content\/uploads\/2019\/07\/Ariane_P1200252-e1562705838445-576x1024.jpg 576w, https:\/\/perluette.xyz\/wp-content\/uploads\/2019\/07\/Ariane_P1200252-e1562705838445-863x1534.jpg 863w, https:\/\/perluette.xyz\/wp-content\/uploads\/2019\/07\/Ariane_P1200252-e1562705838445-61x108.jpg 61w, https:\/\/perluette.xyz\/wp-content\/uploads\/2019\/07\/Ariane_P1200252-e1562705838445.jpg 1440w\" sizes=\"auto, (max-width: 110px) 100vw, 110px\" \/><\/p>\n<p>Perluette remercie Ariane Allombert, \u00e9tudiante en Master Litt\u00e9rature pour la Jeunesse \u00e0 l&rsquo;Universit\u00e9 de Lille qui a effectu\u00e9 un stage de f\u00e9vrier \u00e0 mai 2019 \u00e0 l&rsquo;association &amp; a contribu\u00e9 au bon d\u00e9roulement des projets sur cette p\u00e9riode. Elle a notamment apport\u00e9\u00a0son aide aux ateliers \u00e0 l&rsquo;Ecole Taine \u00e0 Villeneuve d&rsquo;Ascq &amp; \u00e0 la Manufacture \u00e0 Roubaix.<\/p>\n<p>Belle suite \u00e0 elle au pays des livres jeunesse !<\/p>\n","protected":false},"excerpt":{"rendered":"<p>Perluette remercie Ariane Allombert, \u00e9tudiante en Master Litt\u00e9rature pour la Jeunesse \u00e0 l&rsquo;Universit\u00e9 de Lille qui a effectu\u00e9 un stage de f\u00e9vrier \u00e0 mai 2019 \u00e0 l&rsquo;association &amp; a contribu\u00e9 au bon d\u00e9roulement des projets sur cette p\u00e9riode. Elle a notamment apport\u00e9\u00a0son aide aux ateliers \u00e0 l&rsquo;Ecole Taine \u00e0 Villeneuve d&rsquo;Ascq &amp; \u00e0 la Manufacture &hellip; <a href=\"https:\/\/perluette.xyz\/index.php\/2019\/07\/09\/merci-a-ariane\/\" class=\"more-link\">Continue reading <span class=\"screen-reader-text\">Merci \u00e0 Ariane !<\/span><\/a><\/p>\n","protected":false},"author":1,"featured_media":0,"comment_status":"open","ping_status":"open","sticky":false,"template":"","format":"standard","meta":{"footnotes":""},"categories":[1],"tags":[],"class_list":["post-931","post","type-post","status-publish","format-standard","hentry","category-non-classe"],"_links":{"self":[{"href":"https:\/\/perluette.xyz\/index.php\/wp-json\/wp\/v2\/posts\/931","targetHints":{"allow":["GET"]}}],"collection":[{"href":"https:\/\/perluette.xyz\/index.php\/wp-json\/wp\/v2\/posts"}],"about":[{"href":"https:\/\/perluette.xyz\/index.php\/wp-json\/wp\/v2\/types\/post"}],"author":[{"embeddable":true,"href":"https:\/\/perluette.xyz\/index.php\/wp-json\/wp\/v2\/users\/1"}],"replies":[{"embeddable":true,"href":"https:\/\/perluette.xyz\/index.php\/wp-json\/wp\/v2\/comments?post=931"}],"version-history":[{"count":3,"href":"https:\/\/perluette.xyz\/index.php\/wp-json\/wp\/v2\/posts\/931\/revisions"}],"predecessor-version":[{"id":935,"href":"https:\/\/perluette.xyz\/index.php\/wp-json\/wp\/v2\/posts\/931\/revisions\/935"}],"wp:attachment":[{"href":"https:\/\/perluette.xyz\/index.php\/wp-json\/wp\/v2\/media?parent=931"}],"wp:term":[{"taxonomy":"category","embeddable":true,"href":"https:\/\/perluette.xyz\/index.php\/wp-json\/wp\/v2\/categories?post=931"},{"taxonomy":"post_tag","embeddable":true,"href":"https:\/\/perluette.xyz\/index.php\/wp-json\/wp\/v2\/tags?post=931"}],"curies":[{"name":"wp","href":"https:\/\/api.w.org\/{rel}","templated":true}]}}