{"id":977,"date":"2019-07-15T14:30:37","date_gmt":"2019-07-15T13:30:37","guid":{"rendered":"http:\/\/perluette.xyz\/?p=977"},"modified":"2019-07-15T14:33:17","modified_gmt":"2019-07-15T13:33:17","slug":"une-veillee-appreciee-par-les-habitantes","status":"publish","type":"post","link":"https:\/\/perluette.xyz\/index.php\/2019\/07\/15\/une-veillee-appreciee-par-les-habitantes\/","title":{"rendered":"Une veill\u00e9e appr\u00e9ci\u00e9e par les habitantEs"},"content":{"rendered":"<p><img loading=\"lazy\" decoding=\"async\" class=\"alignleft size-medium wp-image-978\" src=\"https:\/\/perluette.xyz\/wp-content\/uploads\/2019\/07\/Veillee12juillet19\u00a9Perluette-300x169.jpg\" alt=\"\" width=\"300\" height=\"169\" srcset=\"https:\/\/perluette.xyz\/wp-content\/uploads\/2019\/07\/Veillee12juillet19\u00a9Perluette-300x169.jpg 300w, https:\/\/perluette.xyz\/wp-content\/uploads\/2019\/07\/Veillee12juillet19\u00a9Perluette-768x432.jpg 768w, https:\/\/perluette.xyz\/wp-content\/uploads\/2019\/07\/Veillee12juillet19\u00a9Perluette-1024x576.jpg 1024w, https:\/\/perluette.xyz\/wp-content\/uploads\/2019\/07\/Veillee12juillet19\u00a9Perluette-863x485.jpg 863w, https:\/\/perluette.xyz\/wp-content\/uploads\/2019\/07\/Veillee12juillet19\u00a9Perluette-192x108.jpg 192w\" sizes=\"auto, (max-width: 300px) 100vw, 300px\" \/>Fr\u00e9d\u00e9rique Lamblin &amp; Flavie Gentil de l&rsquo;association lilloise Du Vent Dans Les Mots ont apport\u00e9 ce vendredi 12 juillet 2019 \u00e0\u00a0Thun-Saint-Amand, textes, po\u00e9sies, chants &amp; bonne humeur \u00e0 l&rsquo;occasion d&rsquo;une veill\u00e9e enthousiaste &amp; participative.<\/p>\n<p style=\"text-align: right;\">Merci aux participants &amp; aux h\u00f4tes qui ont bien voulu ouvrir leur jardin pour l&rsquo;occasion&#8230;<\/p>\n<p style=\"text-align: right;\"><img loading=\"lazy\" decoding=\"async\" class=\"size-medium wp-image-979 alignright\" src=\"https:\/\/perluette.xyz\/wp-content\/uploads\/2019\/07\/Librairie12juillet19\u00a9Perluette-300x169.jpg\" alt=\"\" width=\"300\" height=\"169\" srcset=\"https:\/\/perluette.xyz\/wp-content\/uploads\/2019\/07\/Librairie12juillet19\u00a9Perluette-300x169.jpg 300w, https:\/\/perluette.xyz\/wp-content\/uploads\/2019\/07\/Librairie12juillet19\u00a9Perluette-768x432.jpg 768w, https:\/\/perluette.xyz\/wp-content\/uploads\/2019\/07\/Librairie12juillet19\u00a9Perluette-1024x576.jpg 1024w, https:\/\/perluette.xyz\/wp-content\/uploads\/2019\/07\/Librairie12juillet19\u00a9Perluette-863x485.jpg 863w, https:\/\/perluette.xyz\/wp-content\/uploads\/2019\/07\/Librairie12juillet19\u00a9Perluette-192x108.jpg 192w\" sizes=\"auto, (max-width: 300px) 100vw, 300px\" \/><\/p>\n<p style=\"text-align: left;\">\u00e0 noter sur l&rsquo;ensemble de l&rsquo;\u00e9v\u00e8nement Partir en livre de Perluette la pr\u00e9sence \u00a0d&rsquo;une librairie jeunesse \u00e9ph\u00e9m\u00e8re en lien avec la th\u00e9matique du voyage, en partenariat avec la librairie Debienne.<\/p>\n","protected":false},"excerpt":{"rendered":"<p>Fr\u00e9d\u00e9rique Lamblin &amp; Flavie Gentil de l&rsquo;association lilloise Du Vent Dans Les Mots ont apport\u00e9 ce vendredi 12 juillet 2019 \u00e0\u00a0Thun-Saint-Amand, textes, po\u00e9sies, chants &amp; bonne humeur \u00e0 l&rsquo;occasion d&rsquo;une veill\u00e9e enthousiaste &amp; participative. Merci aux participants &amp; aux h\u00f4tes qui ont bien voulu ouvrir leur jardin pour l&rsquo;occasion&#8230; \u00e0 noter sur l&rsquo;ensemble de l&rsquo;\u00e9v\u00e8nement &hellip; <a href=\"https:\/\/perluette.xyz\/index.php\/2019\/07\/15\/une-veillee-appreciee-par-les-habitantes\/\" class=\"more-link\">Continue reading <span class=\"screen-reader-text\">Une veill\u00e9e appr\u00e9ci\u00e9e par les habitantEs<\/span><\/a><\/p>\n","protected":false},"author":1,"featured_media":0,"comment_status":"open","ping_status":"open","sticky":false,"template":"","format":"standard","meta":{"footnotes":""},"categories":[3],"tags":[268,111,269,264],"class_list":["post-977","post","type-post","status-publish","format-standard","hentry","category-projets-perluette","tag-du-vent-dans-les-mots","tag-librairie","tag-veillee","tag-voyage"],"_links":{"self":[{"href":"https:\/\/perluette.xyz\/index.php\/wp-json\/wp\/v2\/posts\/977","targetHints":{"allow":["GET"]}}],"collection":[{"href":"https:\/\/perluette.xyz\/index.php\/wp-json\/wp\/v2\/posts"}],"about":[{"href":"https:\/\/perluette.xyz\/index.php\/wp-json\/wp\/v2\/types\/post"}],"author":[{"embeddable":true,"href":"https:\/\/perluette.xyz\/index.php\/wp-json\/wp\/v2\/users\/1"}],"replies":[{"embeddable":true,"href":"https:\/\/perluette.xyz\/index.php\/wp-json\/wp\/v2\/comments?post=977"}],"version-history":[{"count":4,"href":"https:\/\/perluette.xyz\/index.php\/wp-json\/wp\/v2\/posts\/977\/revisions"}],"predecessor-version":[{"id":983,"href":"https:\/\/perluette.xyz\/index.php\/wp-json\/wp\/v2\/posts\/977\/revisions\/983"}],"wp:attachment":[{"href":"https:\/\/perluette.xyz\/index.php\/wp-json\/wp\/v2\/media?parent=977"}],"wp:term":[{"taxonomy":"category","embeddable":true,"href":"https:\/\/perluette.xyz\/index.php\/wp-json\/wp\/v2\/categories?post=977"},{"taxonomy":"post_tag","embeddable":true,"href":"https:\/\/perluette.xyz\/index.php\/wp-json\/wp\/v2\/tags?post=977"}],"curies":[{"name":"wp","href":"https:\/\/api.w.org\/{rel}","templated":true}]}}