{"id":996,"date":"2019-07-18T19:13:09","date_gmt":"2019-07-18T18:13:09","guid":{"rendered":"http:\/\/perluette.xyz\/?p=996"},"modified":"2019-07-18T19:15:31","modified_gmt":"2019-07-18T18:15:31","slug":"un-dejeuner-litteraire-professionnel-pour-decouvrir-le-travail-dediteurs-des-hauts-de-france","status":"publish","type":"post","link":"https:\/\/perluette.xyz\/index.php\/2019\/07\/18\/un-dejeuner-litteraire-professionnel-pour-decouvrir-le-travail-dediteurs-des-hauts-de-france\/","title":{"rendered":"Un d\u00e9jeuner professionnel pour d\u00e9couvrir le travail d&rsquo;\u00e9diteurs des Hauts-de-France"},"content":{"rendered":"<p><img loading=\"lazy\" decoding=\"async\" class=\"wp-image-997  aligncenter\" src=\"https:\/\/perluette.xyz\/wp-content\/uploads\/2019\/07\/Invit_ORNICAR_Lecelles_17juillet19_image-300x212.jpg\" alt=\"\" width=\"301\" height=\"213\" srcset=\"https:\/\/perluette.xyz\/wp-content\/uploads\/2019\/07\/Invit_ORNICAR_Lecelles_17juillet19_image-300x212.jpg 300w, https:\/\/perluette.xyz\/wp-content\/uploads\/2019\/07\/Invit_ORNICAR_Lecelles_17juillet19_image-768x541.jpg 768w, https:\/\/perluette.xyz\/wp-content\/uploads\/2019\/07\/Invit_ORNICAR_Lecelles_17juillet19_image-1024x722.jpg 1024w, https:\/\/perluette.xyz\/wp-content\/uploads\/2019\/07\/Invit_ORNICAR_Lecelles_17juillet19_image-863x608.jpg 863w, https:\/\/perluette.xyz\/wp-content\/uploads\/2019\/07\/Invit_ORNICAR_Lecelles_17juillet19_image-153x108.jpg 153w, https:\/\/perluette.xyz\/wp-content\/uploads\/2019\/07\/Invit_ORNICAR_Lecelles_17juillet19_image.jpg 1241w\" sizes=\"auto, (max-width: 301px) 100vw, 301px\" \/><\/p>\n<p style=\"text-align: center;\">Vous souhaitez en savoir plus sur ORNICAR, la caravane litt\u00e9raire de l&rsquo;association des \u00e9diteurs des Hauts-de-France, <a href=\"https:\/\/perluette.xyz\/wp-content\/uploads\/2019\/07\/CP-ornicar.pdf\">t\u00e9l\u00e9chargez le communiqu\u00e9 de presse !<\/a> !<\/p>\n","protected":false},"excerpt":{"rendered":"<p>Vous souhaitez en savoir plus sur ORNICAR, la caravane litt\u00e9raire de l&rsquo;association des \u00e9diteurs des Hauts-de-France, t\u00e9l\u00e9chargez le communiqu\u00e9 de presse ! !<\/p>\n","protected":false},"author":1,"featured_media":0,"comment_status":"open","ping_status":"open","sticky":false,"template":"","format":"standard","meta":{"footnotes":""},"categories":[3],"tags":[273,272],"class_list":["post-996","post","type-post","status-publish","format-standard","hentry","category-projets-perluette","tag-editeurs-hauts-de-france","tag-ornicar"],"_links":{"self":[{"href":"https:\/\/perluette.xyz\/index.php\/wp-json\/wp\/v2\/posts\/996","targetHints":{"allow":["GET"]}}],"collection":[{"href":"https:\/\/perluette.xyz\/index.php\/wp-json\/wp\/v2\/posts"}],"about":[{"href":"https:\/\/perluette.xyz\/index.php\/wp-json\/wp\/v2\/types\/post"}],"author":[{"embeddable":true,"href":"https:\/\/perluette.xyz\/index.php\/wp-json\/wp\/v2\/users\/1"}],"replies":[{"embeddable":true,"href":"https:\/\/perluette.xyz\/index.php\/wp-json\/wp\/v2\/comments?post=996"}],"version-history":[{"count":3,"href":"https:\/\/perluette.xyz\/index.php\/wp-json\/wp\/v2\/posts\/996\/revisions"}],"predecessor-version":[{"id":1001,"href":"https:\/\/perluette.xyz\/index.php\/wp-json\/wp\/v2\/posts\/996\/revisions\/1001"}],"wp:attachment":[{"href":"https:\/\/perluette.xyz\/index.php\/wp-json\/wp\/v2\/media?parent=996"}],"wp:term":[{"taxonomy":"category","embeddable":true,"href":"https:\/\/perluette.xyz\/index.php\/wp-json\/wp\/v2\/categories?post=996"},{"taxonomy":"post_tag","embeddable":true,"href":"https:\/\/perluette.xyz\/index.php\/wp-json\/wp\/v2\/tags?post=996"}],"curies":[{"name":"wp","href":"https:\/\/api.w.org\/{rel}","templated":true}]}}